{"id":11935,"date":"2014-10-01T12:46:34","date_gmt":"2014-10-01T09:46:34","guid":{"rendered":"http:\/\/www.sana.sy\/tr\/?p=11935"},"modified":"2014-10-01T12:46:47","modified_gmt":"2014-10-01T09:46:47","slug":"lazkiyede-genclik-festivali","status":"publish","type":"post","link":"https:\/\/archive.sana.sy\/tr\/?p=11935","title":{"rendered":"Lazkiye&#8217;de Gen\u00e7lik Festivali"},"content":{"rendered":"<p>Lazkiye&#8217;de d\u00fczenlenmekte olan Gen\u00e7lik Festivalinden kareler..<\/p>\n<div id='gallery-1' class='gallery galleryid-11935 gallery-columns-2 gallery-size-thumbnail'><figure class='gallery-item'>\n\t\t\t<div class='gallery-icon landscape'>\n\t\t\t\t<a href='https:\/\/archive.sana.sy\/tr\/wp-content\/uploads\/2014\/10\/20140929_1724031.jpg'><img loading=\"lazy\" decoding=\"async\" width=\"150\" height=\"90\" src=\"https:\/\/archive.sana.sy\/tr\/wp-content\/uploads\/2014\/10\/20140929_1724031-150x90.jpg\" class=\"attachment-thumbnail size-thumbnail\" alt=\"\" srcset=\"https:\/\/archive.sana.sy\/tr\/wp-content\/uploads\/2014\/10\/20140929_1724031-150x90.jpg 150w, https:\/\/archive.sana.sy\/tr\/wp-content\/uploads\/2014\/10\/20140929_1724031-300x180.jpg 300w, https:\/\/archive.sana.sy\/tr\/wp-content\/uploads\/2014\/10\/20140929_1724031-1024x614.jpg 1024w\" sizes=\"auto, (max-width: 150px) 100vw, 150px\" \/><\/a>\n\t\t\t<\/div><\/figure><figure class='gallery-item'>\n\t\t\t<div class='gallery-icon landscape'>\n\t\t\t\t<a href='https:\/\/archive.sana.sy\/tr\/wp-content\/uploads\/2014\/10\/20140929_172606.jpg'><img loading=\"lazy\" decoding=\"async\" width=\"150\" height=\"90\" src=\"https:\/\/archive.sana.sy\/tr\/wp-content\/uploads\/2014\/10\/20140929_172606-150x90.jpg\" class=\"attachment-thumbnail size-thumbnail\" alt=\"\" srcset=\"https:\/\/archive.sana.sy\/tr\/wp-content\/uploads\/2014\/10\/20140929_172606-150x90.jpg 150w, https:\/\/archive.sana.sy\/tr\/wp-content\/uploads\/2014\/10\/20140929_172606-300x180.jpg 300w, https:\/\/archive.sana.sy\/tr\/wp-content\/uploads\/2014\/10\/20140929_172606-1024x614.jpg 1024w\" sizes=\"auto, (max-width: 150px) 100vw, 150px\" \/><\/a>\n\t\t\t<\/div><\/figure><figure class='gallery-item'>\n\t\t\t<div class='gallery-icon landscape'>\n\t\t\t\t<a href='https:\/\/archive.sana.sy\/tr\/wp-content\/uploads\/2014\/10\/20140929_172858.jpg'><img loading=\"lazy\" decoding=\"async\" width=\"150\" height=\"92\" src=\"https:\/\/archive.sana.sy\/tr\/wp-content\/uploads\/2014\/10\/20140929_172858-150x92.jpg\" class=\"attachment-thumbnail size-thumbnail\" alt=\"\" srcset=\"https:\/\/archive.sana.sy\/tr\/wp-content\/uploads\/2014\/10\/20140929_172858-150x92.jpg 150w, https:\/\/archive.sana.sy\/tr\/wp-content\/uploads\/2014\/10\/20140929_172858-300x184.jpg 300w, https:\/\/archive.sana.sy\/tr\/wp-content\/uploads\/2014\/10\/20140929_172858-1024x630.jpg 1024w\" sizes=\"auto, (max-width: 150px) 100vw, 150px\" \/><\/a>\n\t\t\t<\/div><\/figure><figure class='gallery-item'>\n\t\t\t<div class='gallery-icon landscape'>\n\t\t\t\t<a href='https:\/\/archive.sana.sy\/tr\/wp-content\/uploads\/2014\/10\/20140929_172958.jpg'><img loading=\"lazy\" decoding=\"async\" width=\"150\" height=\"90\" src=\"https:\/\/archive.sana.sy\/tr\/wp-content\/uploads\/2014\/10\/20140929_172958-150x90.jpg\" class=\"attachment-thumbnail size-thumbnail\" alt=\"\" srcset=\"https:\/\/archive.sana.sy\/tr\/wp-content\/uploads\/2014\/10\/20140929_172958-150x90.jpg 150w, https:\/\/archive.sana.sy\/tr\/wp-content\/uploads\/2014\/10\/20140929_172958-300x180.jpg 300w, https:\/\/archive.sana.sy\/tr\/wp-content\/uploads\/2014\/10\/20140929_172958-1024x614.jpg 1024w\" sizes=\"auto, (max-width: 150px) 100vw, 150px\" \/><\/a>\n\t\t\t<\/div><\/figure>\n\t\t<\/div>\n\n<p>&nbsp;<\/p>\n","protected":false},"excerpt":{"rendered":"<p>Lazkiye&#8217;de d\u00fczenlenmekte olan Gen\u00e7lik Festivalinden kareler.. &nbsp;<\/p>\n","protected":false},"author":1,"featured_media":11936,"comment_status":"closed","ping_status":"closed","sticky":false,"template":"","format":"standard","meta":{"footnotes":""},"categories":[596,1],"tags":[],"class_list":["post-11935","post","type-post","status-publish","format-standard","has-post-thumbnail","","category-fotografli-raporlar","category-news-not-sorted"],"_links":{"self":[{"href":"https:\/\/archive.sana.sy\/tr\/index.php?rest_route=\/wp\/v2\/posts\/11935","targetHints":{"allow":["GET"]}}],"collection":[{"href":"https:\/\/archive.sana.sy\/tr\/index.php?rest_route=\/wp\/v2\/posts"}],"about":[{"href":"https:\/\/archive.sana.sy\/tr\/index.php?rest_route=\/wp\/v2\/types\/post"}],"author":[{"embeddable":true,"href":"https:\/\/archive.sana.sy\/tr\/index.php?rest_route=\/wp\/v2\/users\/1"}],"replies":[{"embeddable":true,"href":"https:\/\/archive.sana.sy\/tr\/index.php?rest_route=%2Fwp%2Fv2%2Fcomments&post=11935"}],"version-history":[{"count":0,"href":"https:\/\/archive.sana.sy\/tr\/index.php?rest_route=\/wp\/v2\/posts\/11935\/revisions"}],"wp:featuredmedia":[{"embeddable":true,"href":"https:\/\/archive.sana.sy\/tr\/index.php?rest_route=\/wp\/v2\/media\/11936"}],"wp:attachment":[{"href":"https:\/\/archive.sana.sy\/tr\/index.php?rest_route=%2Fwp%2Fv2%2Fmedia&parent=11935"}],"wp:term":[{"taxonomy":"category","embeddable":true,"href":"https:\/\/archive.sana.sy\/tr\/index.php?rest_route=%2Fwp%2Fv2%2Fcategories&post=11935"},{"taxonomy":"post_tag","embeddable":true,"href":"https:\/\/archive.sana.sy\/tr\/index.php?rest_route=%2Fwp%2Fv2%2Ftags&post=11935"}],"curies":[{"name":"wp","href":"https:\/\/api.w.org\/{rel}","templated":true}]}}