{"id":119442,"date":"2017-07-16T17:01:35","date_gmt":"2017-07-16T14:01:35","guid":{"rendered":"http:\/\/www.sana.sy\/tr\/?p=119442"},"modified":"2017-07-17T14:59:10","modified_gmt":"2017-07-17T11:59:10","slug":"meskene-ve-deyr-hafir-ahalisi-evlerine-donebilir","status":"publish","type":"post","link":"https:\/\/archive.sana.sy\/tr\/?p=119442","title":{"rendered":"Meskene ve Deyr Hafir Ahalisi Evlerine D\u00f6nebilir"},"content":{"rendered":"<p>\u015eAM \u2013 Ordu ve Silahl\u0131 Kuvvetler Genel Komutanl\u0131\u011f\u0131; ordu birliklerimizin Halep k\u0131rsal\u0131n\u0131n do\u011fusunda radikal ter\u00f6rden kurtar\u0131p g\u00fcvenli\u011fi sa\u011flad\u0131\u011f\u0131 Meskene ve Deyr Hafir il\u00e7elerine ilaveten bu il\u00e7elerin civarlar\u0131nda bulunan belde ve k\u00f6ylerin ahalisini evlerine d\u00f6nmelerine davet etti.<\/p>\n<p>Komutanl\u0131k bug\u00fcn yay\u0131nlad\u0131\u011f\u0131 b\u00fcltende; s\u00f6z konusu b\u00f6lgelerin radikal ter\u00f6r \u00f6rg\u00fct\u00fc I\u015e\u0130D\u2019ten kurtar\u0131l\u0131p bomba imha ekiplerinin \u00f6zel ve kamu m\u00fclklere yerle\u015ftirdikleri bomba d\u00fczeneklerinin etkisizle\u015ftirilmesi ard\u0131ndan b\u00f6lge ahalisinin g\u00fcven i\u00e7inde evlerine ve tar\u0131m arazilerine d\u00f6nebileceklerini vurgulad\u0131.<\/p>\n","protected":false},"excerpt":{"rendered":"<p>\u015eAM \u2013 Ordu ve Silahl\u0131 Kuvvetler Genel Komutanl\u0131\u011f\u0131; ordu birliklerimizin Halep k\u0131rsal\u0131n\u0131n do\u011fusunda radikal ter\u00f6rden kurtar\u0131p g\u00fcvenli\u011fi sa\u011flad\u0131\u011f\u0131 Meskene ve Deyr Hafir il\u00e7elerine ilaveten bu il\u00e7elerin civarlar\u0131nda bulunan belde ve k\u00f6ylerin ahalisini evlerine d\u00f6nmelerine davet etti. Komutanl\u0131k bug\u00fcn yay\u0131nlad\u0131\u011f\u0131 b\u00fcltende; s\u00f6z konusu b\u00f6lgelerin radikal ter\u00f6r \u00f6rg\u00fct\u00fc I\u015e\u0130D\u2019ten kurtar\u0131l\u0131p bomba imha ekiplerinin \u00f6zel ve kamu m\u00fclklere &hellip;<\/p>\n","protected":false},"author":1,"featured_media":119450,"comment_status":"closed","ping_status":"closed","sticky":false,"template":"","format":"standard","meta":{"footnotes":""},"categories":[479,575,17988,478],"tags":[31062,1132,18687,31061,16591,11549,22181,25672],"class_list":["post-119442","post","type-post","status-publish","format-standard","has-post-thumbnail","","category-haberler-yerel","category-olaylar-ve-gercekler","category-son-haberler","category-yerel","tag-evlerine-donme-cagrisi","tag-halep","tag-halep-kirsali","tag-ordu-komutanligi","tag-suriye","tag-suriye-ordusu","tag-suriyeliler","tag-terorden-kurtarilan-bolgeler"],"_links":{"self":[{"href":"https:\/\/archive.sana.sy\/tr\/index.php?rest_route=\/wp\/v2\/posts\/119442","targetHints":{"allow":["GET"]}}],"collection":[{"href":"https:\/\/archive.sana.sy\/tr\/index.php?rest_route=\/wp\/v2\/posts"}],"about":[{"href":"https:\/\/archive.sana.sy\/tr\/index.php?rest_route=\/wp\/v2\/types\/post"}],"author":[{"embeddable":true,"href":"https:\/\/archive.sana.sy\/tr\/index.php?rest_route=\/wp\/v2\/users\/1"}],"replies":[{"embeddable":true,"href":"https:\/\/archive.sana.sy\/tr\/index.php?rest_route=%2Fwp%2Fv2%2Fcomments&post=119442"}],"version-history":[{"count":0,"href":"https:\/\/archive.sana.sy\/tr\/index.php?rest_route=\/wp\/v2\/posts\/119442\/revisions"}],"wp:featuredmedia":[{"embeddable":true,"href":"https:\/\/archive.sana.sy\/tr\/index.php?rest_route=\/wp\/v2\/media\/119450"}],"wp:attachment":[{"href":"https:\/\/archive.sana.sy\/tr\/index.php?rest_route=%2Fwp%2Fv2%2Fmedia&parent=119442"}],"wp:term":[{"taxonomy":"category","embeddable":true,"href":"https:\/\/archive.sana.sy\/tr\/index.php?rest_route=%2Fwp%2Fv2%2Fcategories&post=119442"},{"taxonomy":"post_tag","embeddable":true,"href":"https:\/\/archive.sana.sy\/tr\/index.php?rest_route=%2Fwp%2Fv2%2Ftags&post=119442"}],"curies":[{"name":"wp","href":"https:\/\/api.w.org\/{rel}","templated":true}]}}