{"id":11989,"date":"2014-10-02T09:40:31","date_gmt":"2014-10-02T06:40:31","guid":{"rendered":"http:\/\/www.sana.sy\/tr\/?p=11989"},"modified":"2014-10-02T12:17:47","modified_gmt":"2014-10-02T09:17:47","slug":"homsta-okul-yakinlarinda-bombali-eylem","status":"publish","type":"post","link":"https:\/\/archive.sana.sy\/tr\/?p=11989","title":{"rendered":"Okul \u00c7\u0131k\u0131\u015f\u0131nda \u00d6\u011frencileri Hedef Ald\u0131lar"},"content":{"rendered":"<p>HOMS \u2013 Masum insanlar\u0131 hedef almada s\u0131n\u0131r tan\u0131mayan eylemleri \u00e7er\u00e7evesinde hain ve gaddar ter\u00f6r \u00e7eteleri bug\u00fcn Homs Kentinin \u0130krime Semtinde \u00e7ocuklar\u0131 hedef alan gaddar bir vah\u015fetle okuldan \u00e7\u0131k\u0131\u015flar\u0131na denk bir saatte semtteki okul b\u00f6lgesinde bomba y\u00fckl\u00fc iki arac\u0131 havaya u\u00e7urdular.<\/p>\n<p>Homs Valili\u011finde bir kaynak ter\u00f6ristlerin \u00e7ocuklar\u0131n okul paydos saatine denk d\u00fc\u015f\u00fcrd\u00fckleri bombal\u0131 eylemlerinde \u00e7o\u011fu\u00a0\u00e7ocuk olmak \u00fczere 32\u00a0ki\u015finin \u015fehit, b\u00fcy\u00fck \u00e7o\u011funlu\u011fu yine \u00e7ocuk olmak \u00fczere 115\u2019dan fazla ki\u015finin de yaral\u0131 d\u00fc\u015ft\u00fcklerini belirtti. Kaynak yaral\u0131lar\u0131n aralar\u0131nda isabetleri a\u011f\u0131r olanlar\u0131n bulundu\u011funu s\u00f6zlerine ekledi.<\/p>\n<p>Kaynak ter\u00f6ristlerin ilk \u00f6nce Akrema el Cedide \u0130lk\u00f6\u011fretim Okulu \u00f6n\u00fcnde bomba y\u00fckl\u00fc bir arac\u0131 havaya u\u00e7urduklar\u0131n\u0131, ard\u0131ndan intihar eylemcisi bir ter\u00f6ristin Akrema el Mahzumi \u0130lk\u00f6\u011fretim Okulu \u00f6n\u00fcnde ikinci bir bombal\u0131 arac\u0131 havaya u\u00e7urdu\u011funu ifade etti.<\/p>\n<p>Ter\u00f6ristlerin ilk bombal\u0131 ara\u00e7ta her biri 7 kg olduk\u00e7a \u015fiddetli etkiye sahip C-4 patal\u0131y\u0131c\u0131 i\u00e7eren 3 adet mutfak t\u00fcp\u00fc ile havaya u\u00e7uruldu\u011funu aktaran kaynak; ter\u00f6r \u00e7etelerinin m\u00fcmk\u00fcn oldu\u011funca \u00e7ok say\u0131da vatanda\u015f\u0131 \u00f6ld\u00fcrmek i\u00e7in iki eylemi k\u0131sa aral\u0131klarla ger\u00e7ekle\u015ftirdiklerini s\u00f6yledi.<\/p>\n<p>Ba\u015fbakan Vail el Halaki, SANA\u2019ya yapt\u0131\u011f\u0131 a\u00e7\u0131klamada bu korkak sald\u0131r\u0131lar\u0131 ger\u00e7ekle\u015ftirenlerin \u201ckinlerini ve cani d\u00fc\u015f\u00fcncelerini, bilgilenmemeleri i\u00e7in sevgili \u00e7ocuklar\u0131m\u0131za y\u00f6nelmi\u015flerdir\u201d ifadelerinde bulundu.<\/p>\n<p>Ter\u00f6rist sald\u0131r\u0131lar\u0131n diren\u00e7li Suriye halk\u0131n\u0131 bu tekfirci ter\u00f6r \u00f6rg\u00fctleriyle m\u00fccadeleden al\u0131koymayaca\u011f\u0131n\u0131 kaydeden Halaki, ter\u00f6ristlerin kahraman ordu ve emniyetimizin zaferleri kar\u015f\u0131s\u0131nda hayal k\u0131r\u0131kl\u0131\u011f\u0131na u\u011frad\u0131\u011f\u0131n\u0131 s\u00f6yledi.<\/p>\n<p>Ter\u00f6r\u00fcn g\u00fcvenlik ve istikrar\u0131 geri getirmek i\u00e7in Suriye halk\u0131n\u0131n \u0131srar\u0131n\u0131 g\u00fc\u00e7lendirdi\u011fini belirten Halaki, \u201cOkullar\u0131m\u0131z bilginin minaresi, karanl\u0131k tekfirci d\u00fc\u015f\u00fcnce kar\u015f\u0131s\u0131nda ge\u00e7ilmez kale olarak kalacak\u201d dedi.<\/p>\n<div style=\"width: 618px;\" class=\"wp-video\"><!--[if lt IE 9]><script>document.createElement('video');<\/script><![endif]-->\n<video class=\"wp-video-shortcode\" id=\"video-11989-1\" width=\"618\" height=\"348\" preload=\"metadata\" controls=\"controls\"><source type=\"video\/x-flv\" src=\"http:\/\/www.sana.sy\/tr\/wp-content\/uploads\/2014\/10\/Ekrime-Patlamalar\u0131.flv?_=1\" \/><a href=\"http:\/\/www.sana.sy\/tr\/wp-content\/uploads\/2014\/10\/Ekrime-Patlamalar\u0131.flv\">http:\/\/www.sana.sy\/tr\/wp-content\/uploads\/2014\/10\/Ekrime-Patlamalar\u0131.flv<\/a><\/video><\/div>\n<div id='gallery-1' class='gallery galleryid-11989 gallery-columns-3 gallery-size-thumbnail'><figure class='gallery-item'>\n\t\t\t<div class='gallery-icon landscape'>\n\t\t\t\t<a href='https:\/\/archive.sana.sy\/tr\/wp-content\/uploads\/2014\/10\/IMG-20141001-WA0011.jpg'><img loading=\"lazy\" decoding=\"async\" width=\"150\" height=\"112\" src=\"https:\/\/archive.sana.sy\/tr\/wp-content\/uploads\/2014\/10\/IMG-20141001-WA0011-150x112.jpg\" class=\"attachment-thumbnail size-thumbnail\" alt=\"\" srcset=\"https:\/\/archive.sana.sy\/tr\/wp-content\/uploads\/2014\/10\/IMG-20141001-WA0011-150x112.jpg 150w, https:\/\/archive.sana.sy\/tr\/wp-content\/uploads\/2014\/10\/IMG-20141001-WA0011-300x225.jpg 300w, https:\/\/archive.sana.sy\/tr\/wp-content\/uploads\/2014\/10\/IMG-20141001-WA0011-1024x768.jpg 1024w, https:\/\/archive.sana.sy\/tr\/wp-content\/uploads\/2014\/10\/IMG-20141001-WA0011.jpg 1280w\" sizes=\"auto, (max-width: 150px) 100vw, 150px\" \/><\/a>\n\t\t\t<\/div><\/figure><figure class='gallery-item'>\n\t\t\t<div class='gallery-icon portrait'>\n\t\t\t\t<a href='https:\/\/archive.sana.sy\/tr\/wp-content\/uploads\/2014\/10\/IMG-20141001-WA0010.jpg'><img loading=\"lazy\" decoding=\"async\" width=\"112\" height=\"150\" src=\"https:\/\/archive.sana.sy\/tr\/wp-content\/uploads\/2014\/10\/IMG-20141001-WA0010-112x150.jpg\" class=\"attachment-thumbnail size-thumbnail\" alt=\"\" srcset=\"https:\/\/archive.sana.sy\/tr\/wp-content\/uploads\/2014\/10\/IMG-20141001-WA0010-112x150.jpg 112w, https:\/\/archive.sana.sy\/tr\/wp-content\/uploads\/2014\/10\/IMG-20141001-WA0010-225x300.jpg 225w, https:\/\/archive.sana.sy\/tr\/wp-content\/uploads\/2014\/10\/IMG-20141001-WA0010-768x1024.jpg 768w, https:\/\/archive.sana.sy\/tr\/wp-content\/uploads\/2014\/10\/IMG-20141001-WA0010.jpg 960w\" sizes=\"auto, (max-width: 112px) 100vw, 112px\" \/><\/a>\n\t\t\t<\/div><\/figure><figure class='gallery-item'>\n\t\t\t<div class='gallery-icon landscape'>\n\t\t\t\t<a href='https:\/\/archive.sana.sy\/tr\/wp-content\/uploads\/2014\/10\/IMG-20141001-WA0006.jpg'><img loading=\"lazy\" decoding=\"async\" width=\"150\" height=\"112\" src=\"https:\/\/archive.sana.sy\/tr\/wp-content\/uploads\/2014\/10\/IMG-20141001-WA0006-150x112.jpg\" class=\"attachment-thumbnail size-thumbnail\" alt=\"\" srcset=\"https:\/\/archive.sana.sy\/tr\/wp-content\/uploads\/2014\/10\/IMG-20141001-WA0006-150x112.jpg 150w, https:\/\/archive.sana.sy\/tr\/wp-content\/uploads\/2014\/10\/IMG-20141001-WA0006-300x225.jpg 300w, https:\/\/archive.sana.sy\/tr\/wp-content\/uploads\/2014\/10\/IMG-20141001-WA0006-1024x768.jpg 1024w, https:\/\/archive.sana.sy\/tr\/wp-content\/uploads\/2014\/10\/IMG-20141001-WA0006.jpg 1280w\" sizes=\"auto, (max-width: 150px) 100vw, 150px\" \/><\/a>\n\t\t\t<\/div><\/figure><figure class='gallery-item'>\n\t\t\t<div class='gallery-icon landscape'>\n\t\t\t\t<a href='https:\/\/archive.sana.sy\/tr\/wp-content\/uploads\/2014\/10\/IMG-20141001-WA0007.jpg'><img loading=\"lazy\" decoding=\"async\" width=\"150\" height=\"112\" src=\"https:\/\/archive.sana.sy\/tr\/wp-content\/uploads\/2014\/10\/IMG-20141001-WA0007-150x112.jpg\" class=\"attachment-thumbnail size-thumbnail\" alt=\"\" srcset=\"https:\/\/archive.sana.sy\/tr\/wp-content\/uploads\/2014\/10\/IMG-20141001-WA0007-150x112.jpg 150w, https:\/\/archive.sana.sy\/tr\/wp-content\/uploads\/2014\/10\/IMG-20141001-WA0007-300x225.jpg 300w, https:\/\/archive.sana.sy\/tr\/wp-content\/uploads\/2014\/10\/IMG-20141001-WA0007-1024x768.jpg 1024w, https:\/\/archive.sana.sy\/tr\/wp-content\/uploads\/2014\/10\/IMG-20141001-WA0007.jpg 1280w\" sizes=\"auto, (max-width: 150px) 100vw, 150px\" \/><\/a>\n\t\t\t<\/div><\/figure><figure class='gallery-item'>\n\t\t\t<div class='gallery-icon landscape'>\n\t\t\t\t<a href='https:\/\/archive.sana.sy\/tr\/wp-content\/uploads\/2014\/10\/IMG-20141001-WA00081.jpg'><img loading=\"lazy\" decoding=\"async\" width=\"150\" height=\"112\" src=\"https:\/\/archive.sana.sy\/tr\/wp-content\/uploads\/2014\/10\/IMG-20141001-WA00081-150x112.jpg\" class=\"attachment-thumbnail size-thumbnail\" alt=\"\" srcset=\"https:\/\/archive.sana.sy\/tr\/wp-content\/uploads\/2014\/10\/IMG-20141001-WA00081-150x112.jpg 150w, https:\/\/archive.sana.sy\/tr\/wp-content\/uploads\/2014\/10\/IMG-20141001-WA00081-300x225.jpg 300w, https:\/\/archive.sana.sy\/tr\/wp-content\/uploads\/2014\/10\/IMG-20141001-WA00081-1024x768.jpg 1024w, https:\/\/archive.sana.sy\/tr\/wp-content\/uploads\/2014\/10\/IMG-20141001-WA00081.jpg 1280w\" sizes=\"auto, (max-width: 150px) 100vw, 150px\" \/><\/a>\n\t\t\t<\/div><\/figure>\n\t\t<\/div>\n\n<p>&nbsp;<\/p>\n<p>&nbsp;<\/p>\n","protected":false},"excerpt":{"rendered":"<p>HOMS \u2013 Masum insanlar\u0131 hedef almada s\u0131n\u0131r tan\u0131mayan eylemleri \u00e7er\u00e7evesinde hain ve gaddar ter\u00f6r \u00e7eteleri bug\u00fcn Homs Kentinin \u0130krime Semtinde \u00e7ocuklar\u0131 hedef alan gaddar bir vah\u015fetle okuldan \u00e7\u0131k\u0131\u015flar\u0131na denk bir saatte semtteki okul b\u00f6lgesinde bomba y\u00fckl\u00fc iki arac\u0131 havaya u\u00e7urdular. Homs Valili\u011finde bir kaynak ter\u00f6ristlerin \u00e7ocuklar\u0131n okul paydos saatine denk d\u00fc\u015f\u00fcrd\u00fckleri bombal\u0131 eylemlerinde \u00e7o\u011fu\u00a0\u00e7ocuk olmak &hellip;<\/p>\n","protected":false},"author":1,"featured_media":12003,"comment_status":"closed","ping_status":"closed","sticky":false,"template":"","format":"standard","meta":{"footnotes":""},"categories":[575],"tags":[2954],"class_list":["post-11989","post","type-post","status-publish","format-standard","has-post-thumbnail","","category-olaylar-ve-gercekler","tag-okul-cikisinda-ogrencileri-hedef-aldilar"],"_links":{"self":[{"href":"https:\/\/archive.sana.sy\/tr\/index.php?rest_route=\/wp\/v2\/posts\/11989","targetHints":{"allow":["GET"]}}],"collection":[{"href":"https:\/\/archive.sana.sy\/tr\/index.php?rest_route=\/wp\/v2\/posts"}],"about":[{"href":"https:\/\/archive.sana.sy\/tr\/index.php?rest_route=\/wp\/v2\/types\/post"}],"author":[{"embeddable":true,"href":"https:\/\/archive.sana.sy\/tr\/index.php?rest_route=\/wp\/v2\/users\/1"}],"replies":[{"embeddable":true,"href":"https:\/\/archive.sana.sy\/tr\/index.php?rest_route=%2Fwp%2Fv2%2Fcomments&post=11989"}],"version-history":[{"count":0,"href":"https:\/\/archive.sana.sy\/tr\/index.php?rest_route=\/wp\/v2\/posts\/11989\/revisions"}],"wp:featuredmedia":[{"embeddable":true,"href":"https:\/\/archive.sana.sy\/tr\/index.php?rest_route=\/wp\/v2\/media\/12003"}],"wp:attachment":[{"href":"https:\/\/archive.sana.sy\/tr\/index.php?rest_route=%2Fwp%2Fv2%2Fmedia&parent=11989"}],"wp:term":[{"taxonomy":"category","embeddable":true,"href":"https:\/\/archive.sana.sy\/tr\/index.php?rest_route=%2Fwp%2Fv2%2Fcategories&post=11989"},{"taxonomy":"post_tag","embeddable":true,"href":"https:\/\/archive.sana.sy\/tr\/index.php?rest_route=%2Fwp%2Fv2%2Ftags&post=11989"}],"curies":[{"name":"wp","href":"https:\/\/api.w.org\/{rel}","templated":true}]}}