{"id":119976,"date":"2017-07-22T15:26:27","date_gmt":"2017-07-22T12:26:27","guid":{"rendered":"http:\/\/www.sana.sy\/tr\/?p=119976"},"modified":"2017-07-23T15:15:03","modified_gmt":"2017-07-23T12:15:03","slug":"hava-guclerimiz-yogun-operasyonlarini-surduruyor-2","status":"publish","type":"post","link":"https:\/\/archive.sana.sy\/tr\/?p=119976","title":{"rendered":"Hava G\u00fc\u00e7lerimiz Yo\u011fun Operasyonlar\u0131n\u0131 S\u00fcrd\u00fcr\u00fcyor"},"content":{"rendered":"<p>\u0130LLER \u2013 Hava g\u00fc\u00e7lerimiz vatan ve vatanda\u015flar\u0131 d\u0131\u015f g\u00fc\u00e7lere tabi radikal ter\u00f6r \u00e7etelere kar\u015f\u0131 kahramanca savunan ordu birliklerimize destek olarak bug\u00fcn bu \u00e7etelerin karargah, siper ve ara\u00e7lar\u0131na y\u00f6nelik yo\u011fun operasyonlar\u0131n\u0131 s\u00fcrd\u00fcrd\u00fc.<\/p>\n<p><span style=\"color: #0000ff\">DEYREZZOR:<\/span><\/p>\n<p>Askeri bir kaynak hava g\u00fc\u00e7lerimizin Deyrezzor Kentinin Kennamat ve Panorama b\u00f6lgelerinde I\u015e\u0130D mevkilerini muhtevalar\u0131yla imha ederek radikal \u00e7eteleri a\u011f\u0131r kay\u0131plara u\u011fratt\u0131klar\u0131n\u0131 belirtti.<\/p>\n<p>Ordu birliklerimizin Panorama, Makabir, havalan\u0131 yak\u0131nlar\u0131, R\u00fc\u015fdiye ve Huveyka b\u00f6lgelerinde I\u015e\u0130D\u2019li ter\u00f6ristlerle kesintili \u00e7at\u0131\u015fmalara girdiklerini ifade eden askeri kaynak, bu \u00e7at\u0131\u015fmalarda bir\u00e7ok ter\u00f6ristin \u00f6l\u00fc yaral\u0131 d\u00fc\u015f\u00fcld\u00fcklerini kaydetti.<\/p>\n<p>Di\u011fer yandan askeri kaynak hava g\u00fc\u00e7lerimizin Deyrezzor k\u0131rsal\u0131n\u0131n do\u011fusu Bukros B\u00f6lgesinde radikal ter\u00f6r \u00f6rg\u00fct\u00fcn \u00e7ald\u0131\u011f\u0131 petrol\u00fc ilkel yollarla ar\u0131tt\u0131\u011f\u0131 bir k\u0131s\u0131m mevkileri imha ettiklerini belirtti.<\/p>\n<p>Bu arada Deyrezzor ilinin do\u011fu ve bat\u0131 k\u0131rsallar\u0131nda yerel kaynaklar ordu birliklerimizin ba\u015far\u0131lar\u0131 kar\u015f\u0131s\u0131nda I\u015e\u0130D saflar\u0131nda korku, panik ve eleba\u015flar\u0131n firarlar\u0131n\u0131n devam etti\u011fini aktard\u0131.<\/p>\n<p>Kaynaklar son olarak son olarak I\u015e\u0130D\u2019in s\u00f6zde elektrik emiri olarak bilinen \u2018Ebu Biys el Haburi\u2019nin yan\u0131 s\u0131ra Bsayra Beldesinde su sorumlusu Ahmet el Ali ve iki g\u00fcvenlik sorumlusunun \u00f6rg\u00fct saflar\u0131ndan ka\u00e7t\u0131klar\u0131n\u0131 belirtti.<\/p>\n<p>I\u015e\u0130D\u2019in Deyrezzor kentinin do\u011fusunda bulunan Heccin Kentinde yine panik i\u00e7inde hareket etti\u011fine dikkat \u00e7eken kaynaklar; bu panikle \u00f6rg\u00fcte tabi iki ter\u00f6risti kur\u015funa dizerek tasfiye etti\u011fini aktard\u0131lar.<\/p>\n<p><span style=\"color: #0000ff\">RAKKA:<\/span><\/p>\n<p>Rakka k\u0131rsal\u0131nda I\u015e\u0130D\u2019e kar\u015f\u0131 operasyonlar\u0131n ba\u015far\u0131yla devam etti\u011fini belirten askeri bir kaynak, hava g\u00fc\u00e7lerimizin il k\u0131rsal\u0131n\u0131n g\u00fcneyi Meaddan Kenti ve Biir Sebhavi Beldesinde I\u015e\u0130D karargahlar\u0131, ara\u00e7lar\u0131 ve ikmal-destek hatlar\u0131n\u0131 imha ettiklerini belirtti.<\/p>\n<p><span style=\"color: #0000ff\">HOMS:<\/span><\/p>\n<p>Di\u011fer yandan askeri bir kaynak hava g\u00fc\u00e7lerimizin Homs \u0130linin do\u011fu k\u0131rsal\u0131 Um el Riy\u015f ve \u015eindahiye \u011enaymat beldelerinde I\u015e\u0130D\u2019e ait bir dizi karargah ve bir k\u0131sm\u0131 a\u011f\u0131r silahlarla donat\u0131lm\u0131\u015f \u00e7ok say\u0131da arac\u0131 imha ettiklerini belirtti.<\/p>\n","protected":false},"excerpt":{"rendered":"<p>\u0130LLER \u2013 Hava g\u00fc\u00e7lerimiz vatan ve vatanda\u015flar\u0131 d\u0131\u015f g\u00fc\u00e7lere tabi radikal ter\u00f6r \u00e7etelere kar\u015f\u0131 kahramanca savunan ordu birliklerimize destek olarak bug\u00fcn bu \u00e7etelerin karargah, siper ve ara\u00e7lar\u0131na y\u00f6nelik yo\u011fun operasyonlar\u0131n\u0131 s\u00fcrd\u00fcrd\u00fc. DEYREZZOR: Askeri bir kaynak hava g\u00fc\u00e7lerimizin Deyrezzor Kentinin Kennamat ve Panorama b\u00f6lgelerinde I\u015e\u0130D mevkilerini muhtevalar\u0131yla imha ederek radikal \u00e7eteleri a\u011f\u0131r kay\u0131plara u\u011fratt\u0131klar\u0131n\u0131 belirtti. Ordu &hellip;<\/p>\n","protected":false},"author":1,"featured_media":119985,"comment_status":"closed","ping_status":"closed","sticky":false,"template":"","format":"standard","meta":{"footnotes":""},"categories":[479,575,17988,478],"tags":[31268,31269,31264,31263,15788,31267,31270,2318,31266,31271,31265,2493,30931,31262],"class_list":["post-119976","post","type-post","status-publish","format-standard","has-post-thumbnail","","category-haberler-yerel","category-olaylar-ve-gercekler","category-son-haberler","category-yerel","tag-ebu-biys-el-haburi","tag-ahmet-el-ali","tag-deyrezzor-kentinin","tag-dis-guclere-tabi","tag-hava-guclerimiz","tag-homs-ilinin-dogu-kirsali","tag-iki-guvenlik-sorumlusunun","tag-isid","tag-ordu-birliklerimize-destek","tag-orgut-saflarinda","tag-radikal-teror-cetelere","tag-rakka","tag-rakka-kirsalinda","tag-vatan-ve-vatandaslari"],"_links":{"self":[{"href":"https:\/\/archive.sana.sy\/tr\/index.php?rest_route=\/wp\/v2\/posts\/119976","targetHints":{"allow":["GET"]}}],"collection":[{"href":"https:\/\/archive.sana.sy\/tr\/index.php?rest_route=\/wp\/v2\/posts"}],"about":[{"href":"https:\/\/archive.sana.sy\/tr\/index.php?rest_route=\/wp\/v2\/types\/post"}],"author":[{"embeddable":true,"href":"https:\/\/archive.sana.sy\/tr\/index.php?rest_route=\/wp\/v2\/users\/1"}],"replies":[{"embeddable":true,"href":"https:\/\/archive.sana.sy\/tr\/index.php?rest_route=%2Fwp%2Fv2%2Fcomments&post=119976"}],"version-history":[{"count":0,"href":"https:\/\/archive.sana.sy\/tr\/index.php?rest_route=\/wp\/v2\/posts\/119976\/revisions"}],"wp:featuredmedia":[{"embeddable":true,"href":"https:\/\/archive.sana.sy\/tr\/index.php?rest_route=\/wp\/v2\/media\/119985"}],"wp:attachment":[{"href":"https:\/\/archive.sana.sy\/tr\/index.php?rest_route=%2Fwp%2Fv2%2Fmedia&parent=119976"}],"wp:term":[{"taxonomy":"category","embeddable":true,"href":"https:\/\/archive.sana.sy\/tr\/index.php?rest_route=%2Fwp%2Fv2%2Fcategories&post=119976"},{"taxonomy":"post_tag","embeddable":true,"href":"https:\/\/archive.sana.sy\/tr\/index.php?rest_route=%2Fwp%2Fv2%2Ftags&post=119976"}],"curies":[{"name":"wp","href":"https:\/\/api.w.org\/{rel}","templated":true}]}}