{"id":119978,"date":"2017-07-22T15:31:53","date_gmt":"2017-07-22T12:31:53","guid":{"rendered":"http:\/\/www.sana.sy\/tr\/?p=119978"},"modified":"2017-07-23T15:15:11","modified_gmt":"2017-07-23T12:15:11","slug":"dogu-gutanin-bir-kisim-bolgelerinde-catismalar-durduruldu","status":"publish","type":"post","link":"https:\/\/archive.sana.sy\/tr\/?p=119978","title":{"rendered":"Do\u011fu \u011euta\u2019n\u0131n Bir K\u0131s\u0131m B\u00f6lgelerinde \u00c7at\u0131\u015fmalar Durduruldu"},"content":{"rendered":"<p>\u015eAM \u2013 Ordu ve Silahl\u0131 Kuvvetler Genel Komutanl\u0131\u011f\u0131 ba\u015fkent \u015eam k\u0131rsal\u0131 Do\u011fu \u011euta B\u00f6lgesinin bir dizi b\u00f6lgesinde bug\u00fcn saat 12:00\u2019dan itibaren \u00e7at\u0131\u015fmalar\u0131n durduruldu\u011funu ilan etti.<\/p>\n<p>Komutanl\u0131k \u00e7at\u0131\u015fmalar\u0131n durdurulmas\u0131n\u0131n herhangi bir \u015fekilde ihlal edilmesi halinde ordu birliklerimizin uygun g\u00f6rd\u00fc\u011f\u00fc \u015fekilde kar\u015f\u0131l\u0131k verece\u011finin alt\u0131n\u0131 \u00e7izdi.<\/p>\n","protected":false},"excerpt":{"rendered":"<p>\u015eAM \u2013 Ordu ve Silahl\u0131 Kuvvetler Genel Komutanl\u0131\u011f\u0131 ba\u015fkent \u015eam k\u0131rsal\u0131 Do\u011fu \u011euta B\u00f6lgesinin bir dizi b\u00f6lgesinde bug\u00fcn saat 12:00\u2019dan itibaren \u00e7at\u0131\u015fmalar\u0131n durduruldu\u011funu ilan etti. Komutanl\u0131k \u00e7at\u0131\u015fmalar\u0131n durdurulmas\u0131n\u0131n herhangi bir \u015fekilde ihlal edilmesi halinde ordu birliklerimizin uygun g\u00f6rd\u00fc\u011f\u00fc \u015fekilde kar\u015f\u0131l\u0131k verece\u011finin alt\u0131n\u0131 \u00e7izdi.<\/p>\n","protected":false},"author":1,"featured_media":119986,"comment_status":"closed","ping_status":"closed","sticky":false,"template":"","format":"standard","meta":{"footnotes":""},"categories":[479,575,17988,478],"tags":[31273,31274,1247,2770,31272],"class_list":["post-119978","post","type-post","status-publish","format-standard","has-post-thumbnail","","category-haberler-yerel","category-olaylar-ve-gercekler","category-son-haberler","category-yerel","tag-1200dan-itibaren","tag-n-catismalarin-durduruldugunu-ilan-etti","tag-ordu-birliklerimizin","tag-ordu-ve-silahli-kuvvetler-genel-komutanligi","tag-sam-kirsali-dogu-guta-bolgesinin"],"_links":{"self":[{"href":"https:\/\/archive.sana.sy\/tr\/index.php?rest_route=\/wp\/v2\/posts\/119978","targetHints":{"allow":["GET"]}}],"collection":[{"href":"https:\/\/archive.sana.sy\/tr\/index.php?rest_route=\/wp\/v2\/posts"}],"about":[{"href":"https:\/\/archive.sana.sy\/tr\/index.php?rest_route=\/wp\/v2\/types\/post"}],"author":[{"embeddable":true,"href":"https:\/\/archive.sana.sy\/tr\/index.php?rest_route=\/wp\/v2\/users\/1"}],"replies":[{"embeddable":true,"href":"https:\/\/archive.sana.sy\/tr\/index.php?rest_route=%2Fwp%2Fv2%2Fcomments&post=119978"}],"version-history":[{"count":0,"href":"https:\/\/archive.sana.sy\/tr\/index.php?rest_route=\/wp\/v2\/posts\/119978\/revisions"}],"wp:featuredmedia":[{"embeddable":true,"href":"https:\/\/archive.sana.sy\/tr\/index.php?rest_route=\/wp\/v2\/media\/119986"}],"wp:attachment":[{"href":"https:\/\/archive.sana.sy\/tr\/index.php?rest_route=%2Fwp%2Fv2%2Fmedia&parent=119978"}],"wp:term":[{"taxonomy":"category","embeddable":true,"href":"https:\/\/archive.sana.sy\/tr\/index.php?rest_route=%2Fwp%2Fv2%2Fcategories&post=119978"},{"taxonomy":"post_tag","embeddable":true,"href":"https:\/\/archive.sana.sy\/tr\/index.php?rest_route=%2Fwp%2Fv2%2Ftags&post=119978"}],"curies":[{"name":"wp","href":"https:\/\/api.w.org\/{rel}","templated":true}]}}