{"id":11999,"date":"2014-10-01T15:55:39","date_gmt":"2014-10-01T12:55:39","guid":{"rendered":"http:\/\/www.sana.sy\/tr\/?p=11999"},"modified":"2014-10-01T16:54:35","modified_gmt":"2014-10-01T13:54:35","slug":"terorle-mucadele-tek-tarafli-surdurulmemelidir","status":"publish","type":"post","link":"https:\/\/archive.sana.sy\/tr\/?p=11999","title":{"rendered":"Ter\u00f6rle M\u00fccadele Tek Tarafl\u0131 S\u00fcrd\u00fcr\u00fclmemelidir"},"content":{"rendered":"<p>MOSKOVA \u2013 Rusya D\u0131\u015fi\u015fleri Bakan\u0131 Sergey Lavrov; Ortado\u011fu&#8217;daki durumun uluslar aras\u0131 kanun \u00e7er\u00e7evesinden \u00e7\u0131kmas\u0131 nedeniyle tamamen kontrol d\u0131\u015f\u0131 olabilece\u011fini belirtti.<\/p>\n<p>Demokratik Kore D\u0131\u015fi\u015fleri Bakan\u0131 Ri Su-yong ile bulundu\u011fu temaslar ard\u0131ndan bug\u00fcn Moskova&#8217;da d\u00fczenledi\u011fi bas\u0131n toplant\u0131s\u0131nda Lavrov; Ortado\u011fu&#8217;da ter\u00f6rle m\u00fccadelenin tek tarafl\u0131 olarak s\u00fcrd\u00fcr\u00fclmemesi \u00f6neminin alt\u0131n\u0131 \u00e7izerken, Suriye h\u00fck\u00fcmeti, \u0130ran ve Irak\u2019\u0131n da yer alaca\u011f\u0131 uluslar aras\u0131 toplu \u00e7abalarla olmas\u0131n\u0131n gere\u011fine dikkat \u00e7ekti.<\/p>\n<p>Lavrov Ortado\u011fu\u2019da ter\u00f6rle m\u00fccadele ad\u0131 alt\u0131nda tek tarafl\u0131 kararlar alan taraflar\u0131n b\u00f6lgeyi yeni ve ciddi tehditlere maruz b\u0131rakt\u0131klar\u0131n\u0131 ifade etti.<\/p>\n<p>B\u00f6lgede ter\u00f6rle m\u00fccadele bahanesi alt\u0131nda kimi devletlerin uluslar aras\u0131 kanun \u00e7er\u00e7evesinden sapt\u0131klar\u0131na dikkat \u00e7eken Lavrov; b\u00f6lgenin tan\u0131k oldu\u011fu krizlerin, ABD\u2019nin ge\u00e7en y\u0131llar i\u00e7inde ad\u0131mlar\u0131n\u0131 do\u011fru bir \u015fekilde atmamas\u0131ndan kaynakland\u0131\u011f\u0131n\u0131 belirtti. Lavrov Washington idaresini t\u00fcm bu durumlardan ders almaya davet etti.<\/p>\n<p>Lavrov Rusya&#8217;n\u0131n b\u00f6lgesel ve uluslar aras\u0131 davalara ili\u015fkin politika ve tutumlar\u0131nda uluslar aras\u0131 kararlara dayanmaya devam edece\u011fini vurgulad\u0131.<\/p>\n","protected":false},"excerpt":{"rendered":"<p>MOSKOVA \u2013 Rusya D\u0131\u015fi\u015fleri Bakan\u0131 Sergey Lavrov; Ortado\u011fu&#8217;daki durumun uluslar aras\u0131 kanun \u00e7er\u00e7evesinden \u00e7\u0131kmas\u0131 nedeniyle tamamen kontrol d\u0131\u015f\u0131 olabilece\u011fini belirtti. Demokratik Kore D\u0131\u015fi\u015fleri Bakan\u0131 Ri Su-yong ile bulundu\u011fu temaslar ard\u0131ndan bug\u00fcn Moskova&#8217;da d\u00fczenledi\u011fi bas\u0131n toplant\u0131s\u0131nda Lavrov; Ortado\u011fu&#8217;da ter\u00f6rle m\u00fccadelenin tek tarafl\u0131 olarak s\u00fcrd\u00fcr\u00fclmemesi \u00f6neminin alt\u0131n\u0131 \u00e7izerken, Suriye h\u00fck\u00fcmeti, \u0130ran ve Irak\u2019\u0131n da yer alaca\u011f\u0131 uluslar &hellip;<\/p>\n","protected":false},"author":1,"featured_media":12000,"comment_status":"closed","ping_status":"closed","sticky":false,"template":"","format":"standard","meta":{"footnotes":""},"categories":[458,459,447],"tags":[2953],"class_list":["post-11999","post","type-post","status-publish","format-standard","has-post-thumbnail","","category-dunya1","category-haberler-arap-uluslararasi-politika","category-politika","tag-terorle-mucadele-tek-tarafli-surdurulmemelidir"],"_links":{"self":[{"href":"https:\/\/archive.sana.sy\/tr\/index.php?rest_route=\/wp\/v2\/posts\/11999","targetHints":{"allow":["GET"]}}],"collection":[{"href":"https:\/\/archive.sana.sy\/tr\/index.php?rest_route=\/wp\/v2\/posts"}],"about":[{"href":"https:\/\/archive.sana.sy\/tr\/index.php?rest_route=\/wp\/v2\/types\/post"}],"author":[{"embeddable":true,"href":"https:\/\/archive.sana.sy\/tr\/index.php?rest_route=\/wp\/v2\/users\/1"}],"replies":[{"embeddable":true,"href":"https:\/\/archive.sana.sy\/tr\/index.php?rest_route=%2Fwp%2Fv2%2Fcomments&post=11999"}],"version-history":[{"count":0,"href":"https:\/\/archive.sana.sy\/tr\/index.php?rest_route=\/wp\/v2\/posts\/11999\/revisions"}],"wp:featuredmedia":[{"embeddable":true,"href":"https:\/\/archive.sana.sy\/tr\/index.php?rest_route=\/wp\/v2\/media\/12000"}],"wp:attachment":[{"href":"https:\/\/archive.sana.sy\/tr\/index.php?rest_route=%2Fwp%2Fv2%2Fmedia&parent=11999"}],"wp:term":[{"taxonomy":"category","embeddable":true,"href":"https:\/\/archive.sana.sy\/tr\/index.php?rest_route=%2Fwp%2Fv2%2Fcategories&post=11999"},{"taxonomy":"post_tag","embeddable":true,"href":"https:\/\/archive.sana.sy\/tr\/index.php?rest_route=%2Fwp%2Fv2%2Ftags&post=11999"}],"curies":[{"name":"wp","href":"https:\/\/api.w.org\/{rel}","templated":true}]}}