{"id":120007,"date":"2017-07-22T16:03:07","date_gmt":"2017-07-22T13:03:07","guid":{"rendered":"http:\/\/www.sana.sy\/tr\/?p=120007"},"modified":"2017-07-23T14:59:52","modified_gmt":"2017-07-23T11:59:52","slug":"bolgede-bir-ilk-olacak","status":"publish","type":"post","link":"https:\/\/archive.sana.sy\/tr\/?p=120007","title":{"rendered":"B\u00f6lgede Bir \u0130lk Olacak (video)"},"content":{"rendered":"<p>\u015eAM \u2013 Kan ve T\u0131bbi Sanayi Kamu Kurumu Genel M\u00fcd\u00fcr\u00fc Dr Usame Cemil Ahmet; kurumun kan ve plazma \u00fcretimi i\u00e7in olduk\u00e7a b\u00fcy\u00fck bir projeyi hayata ge\u00e7irme haz\u0131rl\u0131\u011f\u0131nda oldu\u011funu ilan etti.<\/p>\n<p>Kurumun 17-26 A\u011fustos tarihleri aras\u0131nda d\u00fczenlenecek 59. Uluslararas\u0131 \u015eam Fuar\u0131na kat\u0131l\u0131m haz\u0131rl\u0131\u011f\u0131n\u0131 incelemek \u00fczere bug\u00fcn Fuar Kentini ziyaret eden Dr Ahmet; s\u00f6z konusu projede kan bile\u015fenlerinden temin edilen bir k\u0131s\u0131m ila\u00e7lar\u0131n temin edilece\u011fini ifade etti. Dr Ahmet bu ila\u00e7lar\u0131n kanser, akci\u011fer, b\u00f6brek ve kanama hastalar\u0131n\u0131n ileri d\u00fczey tedavisinde kullan\u0131laca\u011f\u0131na dikkat \u00e7ekti.<\/p>\n<p>Dr Ahmet kurumun fuara 30 metre karelik bir stand\u0131n yan\u0131 s\u0131ra mobil kan ba\u011f\u0131\u015f\u0131 arac\u0131 ile kat\u0131laca\u011f\u0131n\u0131 ifade ederken, fuar ziyaret\u00e7ilerine \u00fccretsiz kan testleri hizmetinin sunulaca\u011f\u0131n\u0131 s\u00f6zlerine ekledi.<\/p>\n<p><iframe loading=\"lazy\" title=\"\u0643\u0648\u0646\u0648\u0627 \u0639\u0644\u0649 \u0627\u0644\u0645\u0648\u0639\u062f\u2026 \u0645\u0646 17 \u0644\u063a\u0627\u064a\u0629 26 \u0622\u0628 2017\" width=\"618\" height=\"348\" src=\"https:\/\/www.youtube.com\/embed\/xJhlZj9uO34?feature=oembed\" frameborder=\"0\" allow=\"accelerometer; autoplay; clipboard-write; encrypted-media; gyroscope; picture-in-picture; web-share\" referrerpolicy=\"strict-origin-when-cross-origin\" allowfullscreen><\/iframe><\/p>\n","protected":false},"excerpt":{"rendered":"<p>\u015eAM \u2013 Kan ve T\u0131bbi Sanayi Kamu Kurumu Genel M\u00fcd\u00fcr\u00fc Dr Usame Cemil Ahmet; kurumun kan ve plazma \u00fcretimi i\u00e7in olduk\u00e7a b\u00fcy\u00fck bir projeyi hayata ge\u00e7irme haz\u0131rl\u0131\u011f\u0131nda oldu\u011funu ilan etti. Kurumun 17-26 A\u011fustos tarihleri aras\u0131nda d\u00fczenlenecek 59. Uluslararas\u0131 \u015eam Fuar\u0131na kat\u0131l\u0131m haz\u0131rl\u0131\u011f\u0131n\u0131 incelemek \u00fczere bug\u00fcn Fuar Kentini ziyaret eden Dr Ahmet; s\u00f6z konusu projede kan &hellip;<\/p>\n","protected":false},"author":1,"featured_media":115271,"comment_status":"closed","ping_status":"closed","sticky":false,"template":"","format":"standard","meta":{"footnotes":""},"categories":[479,17988,478],"tags":[30912,31281,31278,31279,31275,31280,31277,31276],"class_list":["post-120007","post","type-post","status-publish","format-standard","has-post-thumbnail","","category-haberler-yerel","category-son-haberler","category-yerel","tag-59-uluslararasi-sam-fuari","tag-a-30-metre-karelik-bir-standin","tag-akciger","tag-bobrek","tag-kan-ve-tibbi-sanayi-kamu-kurumu-genel-muduru-dr-usame-cemil-ahmet","tag-kanama","tag-kanser","tag-kurumun-17-26-agustos-tarihleri-arasinda"],"_links":{"self":[{"href":"https:\/\/archive.sana.sy\/tr\/index.php?rest_route=\/wp\/v2\/posts\/120007","targetHints":{"allow":["GET"]}}],"collection":[{"href":"https:\/\/archive.sana.sy\/tr\/index.php?rest_route=\/wp\/v2\/posts"}],"about":[{"href":"https:\/\/archive.sana.sy\/tr\/index.php?rest_route=\/wp\/v2\/types\/post"}],"author":[{"embeddable":true,"href":"https:\/\/archive.sana.sy\/tr\/index.php?rest_route=\/wp\/v2\/users\/1"}],"replies":[{"embeddable":true,"href":"https:\/\/archive.sana.sy\/tr\/index.php?rest_route=%2Fwp%2Fv2%2Fcomments&post=120007"}],"version-history":[{"count":0,"href":"https:\/\/archive.sana.sy\/tr\/index.php?rest_route=\/wp\/v2\/posts\/120007\/revisions"}],"wp:featuredmedia":[{"embeddable":true,"href":"https:\/\/archive.sana.sy\/tr\/index.php?rest_route=\/wp\/v2\/media\/115271"}],"wp:attachment":[{"href":"https:\/\/archive.sana.sy\/tr\/index.php?rest_route=%2Fwp%2Fv2%2Fmedia&parent=120007"}],"wp:term":[{"taxonomy":"category","embeddable":true,"href":"https:\/\/archive.sana.sy\/tr\/index.php?rest_route=%2Fwp%2Fv2%2Fcategories&post=120007"},{"taxonomy":"post_tag","embeddable":true,"href":"https:\/\/archive.sana.sy\/tr\/index.php?rest_route=%2Fwp%2Fv2%2Ftags&post=120007"}],"curies":[{"name":"wp","href":"https:\/\/api.w.org\/{rel}","templated":true}]}}