{"id":120113,"date":"2017-07-24T11:30:55","date_gmt":"2017-07-24T08:30:55","guid":{"rendered":"http:\/\/www.sana.sy\/tr\/?p=120113"},"modified":"2017-07-25T15:03:54","modified_gmt":"2017-07-25T12:03:54","slug":"bir-gumus-bir-bronz-madalya-kazandik","status":"publish","type":"post","link":"https:\/\/archive.sana.sy\/tr\/?p=120113","title":{"rendered":"Bir G\u00fcm\u00fc\u015f, Bir Bronz Madalya Kazand\u0131k"},"content":{"rendered":"<p>CAKARTA \u2013 Gen\u00e7 triatlon sporcular\u0131m\u0131zdan Ahmet Mardinli Endonezya\u2019da d\u00fczenlenen Asya Kupas\u0131n\u0131n Sprint Yar\u0131\u015flar\u0131nda g\u00fcm\u00fc\u015f madalya kazand\u0131.<\/p>\n<p>Asya Kupas\u0131na ilk kez kat\u0131lan sporcular\u0131m\u0131zdan Zekeriya Harrat ise ayn\u0131 yar\u0131\u015fmada bronz madalya kazand\u0131.<\/p>\n<p>Triatlon tak\u0131m\u0131m\u0131z daha \u00f6nce May\u0131s Ay\u0131nda L\u00fcbnan\u2019da d\u00fczenlenen yar\u0131\u015fmalarda alt\u0131n, g\u00fcm\u00fc\u015f ve bronz olmak \u00fczere bir\u00e7ok madalya kazanm\u0131\u015ft\u0131.<\/p>\n","protected":false},"excerpt":{"rendered":"<p>CAKARTA \u2013 Gen\u00e7 triatlon sporcular\u0131m\u0131zdan Ahmet Mardinli Endonezya\u2019da d\u00fczenlenen Asya Kupas\u0131n\u0131n Sprint Yar\u0131\u015flar\u0131nda g\u00fcm\u00fc\u015f madalya kazand\u0131. Asya Kupas\u0131na ilk kez kat\u0131lan sporcular\u0131m\u0131zdan Zekeriya Harrat ise ayn\u0131 yar\u0131\u015fmada bronz madalya kazand\u0131. Triatlon tak\u0131m\u0131m\u0131z daha \u00f6nce May\u0131s Ay\u0131nda L\u00fcbnan\u2019da d\u00fczenlenen yar\u0131\u015fmalarda alt\u0131n, g\u00fcm\u00fc\u015f ve bronz olmak \u00fczere bir\u00e7ok madalya kazanm\u0131\u015ft\u0131.<\/p>\n","protected":false},"author":1,"featured_media":120135,"comment_status":"closed","ping_status":"closed","sticky":false,"template":"","format":"standard","meta":{"footnotes":""},"categories":[458,498,459,17988,496],"tags":[31324,31326,31325,31323],"class_list":["post-120113","post","type-post","status-publish","format-standard","has-post-thumbnail","","category-dunya1","category-dunya-turnuvalari","category-haberler-arap-uluslararasi-politika","category-son-haberler","category-spor","tag-ahmet-mardinli","tag-asya-kupasinin-sprint-yarislarinda","tag-endonezya","tag-genc-triatlon-sporcularimizdan"],"_links":{"self":[{"href":"https:\/\/archive.sana.sy\/tr\/index.php?rest_route=\/wp\/v2\/posts\/120113","targetHints":{"allow":["GET"]}}],"collection":[{"href":"https:\/\/archive.sana.sy\/tr\/index.php?rest_route=\/wp\/v2\/posts"}],"about":[{"href":"https:\/\/archive.sana.sy\/tr\/index.php?rest_route=\/wp\/v2\/types\/post"}],"author":[{"embeddable":true,"href":"https:\/\/archive.sana.sy\/tr\/index.php?rest_route=\/wp\/v2\/users\/1"}],"replies":[{"embeddable":true,"href":"https:\/\/archive.sana.sy\/tr\/index.php?rest_route=%2Fwp%2Fv2%2Fcomments&post=120113"}],"version-history":[{"count":0,"href":"https:\/\/archive.sana.sy\/tr\/index.php?rest_route=\/wp\/v2\/posts\/120113\/revisions"}],"wp:featuredmedia":[{"embeddable":true,"href":"https:\/\/archive.sana.sy\/tr\/index.php?rest_route=\/wp\/v2\/media\/120135"}],"wp:attachment":[{"href":"https:\/\/archive.sana.sy\/tr\/index.php?rest_route=%2Fwp%2Fv2%2Fmedia&parent=120113"}],"wp:term":[{"taxonomy":"category","embeddable":true,"href":"https:\/\/archive.sana.sy\/tr\/index.php?rest_route=%2Fwp%2Fv2%2Fcategories&post=120113"},{"taxonomy":"post_tag","embeddable":true,"href":"https:\/\/archive.sana.sy\/tr\/index.php?rest_route=%2Fwp%2Fv2%2Ftags&post=120113"}],"curies":[{"name":"wp","href":"https:\/\/api.w.org\/{rel}","templated":true}]}}