{"id":12014,"date":"2014-10-01T14:36:32","date_gmt":"2014-10-01T11:36:32","guid":{"rendered":"http:\/\/www.sana.sy\/tr\/?p=12014"},"modified":"2014-10-01T14:36:32","modified_gmt":"2014-10-01T11:36:32","slug":"teror-grubu-ellerindeki-bomba-duzenekleriyle-tutuklandi","status":"publish","type":"post","link":"https:\/\/archive.sana.sy\/tr\/?p=12014","title":{"rendered":"Ter\u00f6r Grubu Ellerindeki Bomba D\u00fczenekleriyle Tutukland\u0131"},"content":{"rendered":"<p>HOMS \u2013 Yetkili birimler d\u00fcn, Homs Tel Kelah k\u0131rsal\u0131n\u0131n Mi\u015ftaye K\u00f6y\u00fcnde ter\u00f6r eylemleri d\u00fczenlemeyi planlayan bir ter\u00f6r grubunu ellerinde bomba d\u00fczenekleri ve uyu\u015fturucu haplarla birlikte yakalad\u0131.<\/p>\n<p>Homs Valili\u011finde bir kaynak SANA muhabirine a\u00e7\u0131klamas\u0131nda, 5 ter\u00f6ristten olu\u015fan grubun Vadi el Nadara B\u00f6lgesi Mi\u015ftaye K\u00f6y\u00fcnde kendilerine mesken tuttuklar\u0131 h\u00fccre evde yakaland\u0131klar\u0131n\u0131 belirtti.<\/p>\n<p>Kaynak, h\u00fccrede ayr\u0131ca 11 ferdi bomba d\u00fczene\u011fi yan\u0131 s\u0131ra \u00fcretiminde kullan\u0131lan fitillerle bir miktar uyu\u015fturucu hap ve ila\u00e7 ele ge\u00e7irildi\u011fini dile getirdi.<\/p>\n","protected":false},"excerpt":{"rendered":"<p>HOMS \u2013 Yetkili birimler d\u00fcn, Homs Tel Kelah k\u0131rsal\u0131n\u0131n Mi\u015ftaye K\u00f6y\u00fcnde ter\u00f6r eylemleri d\u00fczenlemeyi planlayan bir ter\u00f6r grubunu ellerinde bomba d\u00fczenekleri ve uyu\u015fturucu haplarla birlikte yakalad\u0131. Homs Valili\u011finde bir kaynak SANA muhabirine a\u00e7\u0131klamas\u0131nda, 5 ter\u00f6ristten olu\u015fan grubun Vadi el Nadara B\u00f6lgesi Mi\u015ftaye K\u00f6y\u00fcnde kendilerine mesken tuttuklar\u0131 h\u00fccre evde yakaland\u0131klar\u0131n\u0131 belirtti. Kaynak, h\u00fccrede ayr\u0131ca 11 ferdi &hellip;<\/p>\n","protected":false},"author":1,"featured_media":12015,"comment_status":"closed","ping_status":"closed","sticky":false,"template":"","format":"standard","meta":{"footnotes":""},"categories":[479,575,478],"tags":[2958,2957,2956,2959],"class_list":["post-12014","post","type-post","status-publish","format-standard","has-post-thumbnail","","category-haberler-yerel","category-olaylar-ve-gercekler","category-yerel","tag-bomba-duzenekleriyle","tag-ellerindeki","tag-teror-grubu","tag-tutuklandi"],"_links":{"self":[{"href":"https:\/\/archive.sana.sy\/tr\/index.php?rest_route=\/wp\/v2\/posts\/12014","targetHints":{"allow":["GET"]}}],"collection":[{"href":"https:\/\/archive.sana.sy\/tr\/index.php?rest_route=\/wp\/v2\/posts"}],"about":[{"href":"https:\/\/archive.sana.sy\/tr\/index.php?rest_route=\/wp\/v2\/types\/post"}],"author":[{"embeddable":true,"href":"https:\/\/archive.sana.sy\/tr\/index.php?rest_route=\/wp\/v2\/users\/1"}],"replies":[{"embeddable":true,"href":"https:\/\/archive.sana.sy\/tr\/index.php?rest_route=%2Fwp%2Fv2%2Fcomments&post=12014"}],"version-history":[{"count":0,"href":"https:\/\/archive.sana.sy\/tr\/index.php?rest_route=\/wp\/v2\/posts\/12014\/revisions"}],"wp:featuredmedia":[{"embeddable":true,"href":"https:\/\/archive.sana.sy\/tr\/index.php?rest_route=\/wp\/v2\/media\/12015"}],"wp:attachment":[{"href":"https:\/\/archive.sana.sy\/tr\/index.php?rest_route=%2Fwp%2Fv2%2Fmedia&parent=12014"}],"wp:term":[{"taxonomy":"category","embeddable":true,"href":"https:\/\/archive.sana.sy\/tr\/index.php?rest_route=%2Fwp%2Fv2%2Fcategories&post=12014"},{"taxonomy":"post_tag","embeddable":true,"href":"https:\/\/archive.sana.sy\/tr\/index.php?rest_route=%2Fwp%2Fv2%2Ftags&post=12014"}],"curies":[{"name":"wp","href":"https:\/\/api.w.org\/{rel}","templated":true}]}}