{"id":12017,"date":"2014-10-01T14:42:29","date_gmt":"2014-10-01T11:42:29","guid":{"rendered":"http:\/\/www.sana.sy\/tr\/?p=12017"},"modified":"2014-10-02T09:23:21","modified_gmt":"2014-10-02T06:23:21","slug":"konut-sektorunde-demokratik-kore-ile-isbirligi","status":"publish","type":"post","link":"https:\/\/archive.sana.sy\/tr\/?p=12017","title":{"rendered":"Konut Sekt\u00f6r\u00fcnde Demokratik Kore ile \u0130\u015fbirli\u011fi"},"content":{"rendered":"<p>\u015eAM \u2013 \u0130skan ve \u0130mar Kalk\u0131nd\u0131rma Bakan\u0131 Muhammed Gazel bug\u00fcn Demokratik Kore \u015eam B\u00fcy\u00fckel\u00e7isi Zhang Meung Hu ile konut sekt\u00f6r\u00fcnde i\u015fbirli\u011fi ve deneyim al\u0131\u015fveri\u015fi konular\u0131n\u0131 masaya yat\u0131rd\u0131.<\/p>\n<p>Enerji tasarruflu ve \u00e7evre dostu in\u015faat standartlar\u0131na uygun olarak ekonomik ve h\u0131zl\u0131 bir \u015fekilde konut in\u015faat\u0131nda Demokratik Koreli \u015firketler ve deneyimlerden faydalanma olanaklar\u0131n\u0131n ele al\u0131nd\u0131\u011f\u0131 g\u00f6r\u00fc\u015fmede; iki taraf bu ba\u011flamda i\u015fbirli\u011fi arzular\u0131n\u0131 ifade etti.<\/p>\n<p>Demokratik Kore B\u00fcy\u00fckel\u00e7isi \u00fclkesinin Suriye&#8217;deki krize ili\u015fkin tutumunun de\u011fi\u015fmez oldu\u011funu ifade ederken, emperyalist ve hegemonyac\u0131 g\u00fc\u00e7lerin dayatt\u0131\u011f\u0131 krizin en k\u0131sa zamanda sona ermesi temennisinde bulundu.<\/p>\n","protected":false},"excerpt":{"rendered":"<p>\u015eAM \u2013 \u0130skan ve \u0130mar Kalk\u0131nd\u0131rma Bakan\u0131 Muhammed Gazel bug\u00fcn Demokratik Kore \u015eam B\u00fcy\u00fckel\u00e7isi Zhang Meung Hu ile konut sekt\u00f6r\u00fcnde i\u015fbirli\u011fi ve deneyim al\u0131\u015fveri\u015fi konular\u0131n\u0131 masaya yat\u0131rd\u0131. Enerji tasarruflu ve \u00e7evre dostu in\u015faat standartlar\u0131na uygun olarak ekonomik ve h\u0131zl\u0131 bir \u015fekilde konut in\u015faat\u0131nda Demokratik Koreli \u015firketler ve deneyimlerden faydalanma olanaklar\u0131n\u0131n ele al\u0131nd\u0131\u011f\u0131 g\u00f6r\u00fc\u015fmede; iki taraf &hellip;<\/p>\n","protected":false},"author":1,"featured_media":12090,"comment_status":"closed","ping_status":"closed","sticky":false,"template":"","format":"standard","meta":{"footnotes":""},"categories":[485,479,486,478],"tags":[2960],"class_list":["post-12017","post","type-post","status-publish","format-standard","has-post-thumbnail","","category-is-ve-sermaye","category-haberler-yerel","category-haberler-is-ve-sermaye","category-yerel","tag-konut-sektorunde-demokratik-kore-ile-isbirligi"],"_links":{"self":[{"href":"https:\/\/archive.sana.sy\/tr\/index.php?rest_route=\/wp\/v2\/posts\/12017","targetHints":{"allow":["GET"]}}],"collection":[{"href":"https:\/\/archive.sana.sy\/tr\/index.php?rest_route=\/wp\/v2\/posts"}],"about":[{"href":"https:\/\/archive.sana.sy\/tr\/index.php?rest_route=\/wp\/v2\/types\/post"}],"author":[{"embeddable":true,"href":"https:\/\/archive.sana.sy\/tr\/index.php?rest_route=\/wp\/v2\/users\/1"}],"replies":[{"embeddable":true,"href":"https:\/\/archive.sana.sy\/tr\/index.php?rest_route=%2Fwp%2Fv2%2Fcomments&post=12017"}],"version-history":[{"count":0,"href":"https:\/\/archive.sana.sy\/tr\/index.php?rest_route=\/wp\/v2\/posts\/12017\/revisions"}],"wp:featuredmedia":[{"embeddable":true,"href":"https:\/\/archive.sana.sy\/tr\/index.php?rest_route=\/wp\/v2\/media\/12090"}],"wp:attachment":[{"href":"https:\/\/archive.sana.sy\/tr\/index.php?rest_route=%2Fwp%2Fv2%2Fmedia&parent=12017"}],"wp:term":[{"taxonomy":"category","embeddable":true,"href":"https:\/\/archive.sana.sy\/tr\/index.php?rest_route=%2Fwp%2Fv2%2Fcategories&post=12017"},{"taxonomy":"post_tag","embeddable":true,"href":"https:\/\/archive.sana.sy\/tr\/index.php?rest_route=%2Fwp%2Fv2%2Ftags&post=12017"}],"curies":[{"name":"wp","href":"https:\/\/api.w.org\/{rel}","templated":true}]}}