{"id":12032,"date":"2014-10-01T16:22:48","date_gmt":"2014-10-01T13:22:48","guid":{"rendered":"http:\/\/www.sana.sy\/tr\/?p=12032"},"modified":"2014-10-01T16:28:20","modified_gmt":"2014-10-01T13:28:20","slug":"havan-saldirilari-yuzunden-iki-vatandas-yaralandi","status":"publish","type":"post","link":"https:\/\/archive.sana.sy\/tr\/?p=12032","title":{"rendered":"Havan Sald\u0131r\u0131lar\u0131 Y\u00fcz\u00fcnden D\u00f6rt Vatanda\u015f Yaraland\u0131"},"content":{"rendered":"<p>\u015eAM \u2013 \u015eam&#8217;da muhtelif semtler ter\u00f6rist \u00e7etelerin d\u00fczenledi\u011fi hain havan mermileri sald\u0131r\u0131lar\u0131 y\u00fcz\u00fcnden biri kad\u0131n d\u00f6rt vatanda\u015f yaraland\u0131, maddi hasarlar oldu.<\/p>\n<p>D\u00fcvelya ve Ke\u015fk\u00fcl Semtlerine havan mermilerle d\u00fczenlenen hain sald\u0131r, iki vatanda\u015f\u0131n yaralanmas\u0131na ve baz\u0131 ev ve arabalarda maddi hasar olu\u015fmas\u0131na yol a\u00e7t\u0131.<\/p>\n<p>\u015eam k\u0131rsal\u0131nda Ceremana Kentine yap\u0131lan sald\u0131r\u0131da ise biri kad\u0131n iki vatanda\u015f yaraland\u0131.<\/p>\n<p>Ter\u00f6rist \u00e7etelerin ordunun direnci \u00f6n\u00fcnde hayal k\u0131r\u0131kl\u0131\u011f\u0131n\u0131n \u00fcr\u00fcn\u00fcn\u00fcn bir yans\u0131mas\u0131 olan havan merileriyle yap\u0131lan sald\u0131r\u0131lar hemen her g\u00fcn yurdun genelinde sivillerin \u015fehit ve yaral\u0131 d\u00fc\u015fmesine<\/p>\n","protected":false},"excerpt":{"rendered":"<p>\u015eAM \u2013 \u015eam&#8217;da muhtelif semtler ter\u00f6rist \u00e7etelerin d\u00fczenledi\u011fi hain havan mermileri sald\u0131r\u0131lar\u0131 y\u00fcz\u00fcnden biri kad\u0131n d\u00f6rt vatanda\u015f yaraland\u0131, maddi hasarlar oldu. D\u00fcvelya ve Ke\u015fk\u00fcl Semtlerine havan mermilerle d\u00fczenlenen hain sald\u0131r, iki vatanda\u015f\u0131n yaralanmas\u0131na ve baz\u0131 ev ve arabalarda maddi hasar olu\u015fmas\u0131na yol a\u00e7t\u0131. \u015eam k\u0131rsal\u0131nda Ceremana Kentine yap\u0131lan sald\u0131r\u0131da ise biri kad\u0131n iki vatanda\u015f yaraland\u0131. &hellip;<\/p>\n","protected":false},"author":1,"featured_media":12033,"comment_status":"closed","ping_status":"closed","sticky":false,"template":"","format":"standard","meta":{"footnotes":""},"categories":[479,575,478],"tags":[2964],"class_list":["post-12032","post","type-post","status-publish","format-standard","has-post-thumbnail","","category-haberler-yerel","category-olaylar-ve-gercekler","category-yerel","tag-havan-saldirilari-yuzunden-iki-vatandas-yaralandi"],"_links":{"self":[{"href":"https:\/\/archive.sana.sy\/tr\/index.php?rest_route=\/wp\/v2\/posts\/12032","targetHints":{"allow":["GET"]}}],"collection":[{"href":"https:\/\/archive.sana.sy\/tr\/index.php?rest_route=\/wp\/v2\/posts"}],"about":[{"href":"https:\/\/archive.sana.sy\/tr\/index.php?rest_route=\/wp\/v2\/types\/post"}],"author":[{"embeddable":true,"href":"https:\/\/archive.sana.sy\/tr\/index.php?rest_route=\/wp\/v2\/users\/1"}],"replies":[{"embeddable":true,"href":"https:\/\/archive.sana.sy\/tr\/index.php?rest_route=%2Fwp%2Fv2%2Fcomments&post=12032"}],"version-history":[{"count":0,"href":"https:\/\/archive.sana.sy\/tr\/index.php?rest_route=\/wp\/v2\/posts\/12032\/revisions"}],"wp:featuredmedia":[{"embeddable":true,"href":"https:\/\/archive.sana.sy\/tr\/index.php?rest_route=\/wp\/v2\/media\/12033"}],"wp:attachment":[{"href":"https:\/\/archive.sana.sy\/tr\/index.php?rest_route=%2Fwp%2Fv2%2Fmedia&parent=12032"}],"wp:term":[{"taxonomy":"category","embeddable":true,"href":"https:\/\/archive.sana.sy\/tr\/index.php?rest_route=%2Fwp%2Fv2%2Fcategories&post=12032"},{"taxonomy":"post_tag","embeddable":true,"href":"https:\/\/archive.sana.sy\/tr\/index.php?rest_route=%2Fwp%2Fv2%2Ftags&post=12032"}],"curies":[{"name":"wp","href":"https:\/\/api.w.org\/{rel}","templated":true}]}}