{"id":12039,"date":"2014-10-01T16:47:49","date_gmt":"2014-10-01T13:47:49","guid":{"rendered":"http:\/\/www.sana.sy\/tr\/?p=12039"},"modified":"2014-10-01T16:47:49","modified_gmt":"2014-10-01T13:47:49","slug":"sam-ve-suveydada-dunya-yaslilar-gunu-kutlandi","status":"publish","type":"post","link":"https:\/\/archive.sana.sy\/tr\/?p=12039","title":{"rendered":"\u015eam ve S\u00fcveyda\u2019da D\u00fcnya Ya\u015fl\u0131lar G\u00fcn\u00fc Kutland\u0131"},"content":{"rendered":"<p>\u015eAM \u2013 S\u00dcVEYDA \u2013 Sa\u011fl\u0131k Bakanl\u0131\u011f\u0131, D\u00fcnya Sa\u011fl\u0131k \u00d6rg\u00fct\u00fc ile i\u015fbirli\u011fi i\u00e7erisinde bug\u00fcn \u015eam\u2019\u0131n Mezze Semtinde bulunan Saada Huzurevinde, d\u00fcnya ya\u015fl\u0131lar g\u00fcn\u00fc m\u00fcnasebetiyle bir kutlama d\u00fczenledi.<\/p>\n<p>T\u00f6rende konu\u015fma yapan Sa\u011fl\u0131k Bakan\u0131 Yard\u0131mc\u0131s\u0131 Ahmet Halifavi; bakanl\u0131\u011f\u0131n ya\u015fl\u0131lar\u0131n bak\u0131m\u0131 ve sa\u011fl\u0131\u011f\u0131yla ilgili hizmetlere b\u00fcy\u00fck bir \u00f6nem verdi\u011fini dile getirerek ya\u015fl\u0131lar\u0131n ihtiya\u00e7lar\u0131 ve onlara yard\u0131m y\u00f6ntemleriyle ilgili toplumsal bilincin b\u00fcy\u00fct\u00fclmesi gere\u011fine dikkat \u00e7ekti.<\/p>\n<p>\u00d6te yandan D\u00fcnya Sa\u011fl\u0131k \u00d6rg\u00fct\u00fc Temsilcisi Elizabeth Hove; D\u00fcnya Sa\u011fl\u0131k \u00d6rg\u00fct\u00fcn\u00fcn, Sa\u011fl\u0131k Bakanl\u0131\u011f\u0131 taraf\u0131ndan sunulan hizmetlerin niteli\u011finin iyile\u015ftirilmesi i\u00e7in destek verdi\u011fine i\u015faret ederek ya\u015fl\u0131lar i\u00e7in toplumsal, psikolojik ve sa\u011fl\u0131k deste\u011finin b\u00fcy\u00fck bir \u00f6nem ta\u015f\u0131d\u0131\u011f\u0131n\u0131n alt\u0131n\u0131 \u00e7izdi.<\/p>\n<p>Ayr\u0131ca D\u00fcnya Ya\u015fl\u0131lar G\u00fcn\u00fc m\u00fcnasebetiyle S\u00fcveyda Ya\u015fl\u0131lar\u0131 Destekleme Cemiyeti bug\u00fcn maddi yard\u0131m da\u011f\u0131tt\u0131.<br \/>\nS\u00fcveyda Ya\u015fl\u0131lar\u0131 Destekleme Cemiyeti Ba\u015fkan\u0131 Rima el Hicar bug\u00fcn ya\u015fl\u0131lara da\u011f\u0131t\u0131lan yard\u0131mlar aras\u0131nda baston, g\u00f6zl\u00fck ve g\u0131da sepetlerinin yan\u0131 s\u0131ra nakit para olarak da yard\u0131m da\u011f\u0131t\u0131ld\u0131\u011f\u0131n\u0131 beyan etti.<\/p>\n<p>Bilinece\u011fi \u00fczere Birle\u015fmi\u015f Milletler 1990 y\u0131l\u0131nda 1 Ekim g\u00fcn\u00fcn\u00fc D\u00fcnya Ya\u015fl\u0131lar G\u00fcn\u00fc olarak onaylam\u0131\u015f ve ilan etmi\u015fti.<\/p>\n<div id='gallery-1' class='gallery galleryid-12039 gallery-columns-3 gallery-size-thumbnail'><figure class='gallery-item'>\n\t\t\t<div class='gallery-icon landscape'>\n\t\t\t\t<a href='https:\/\/archive.sana.sy\/tr\/wp-content\/uploads\/2014\/10\/S\u00fcveyda-2.jpg'><img loading=\"lazy\" decoding=\"async\" width=\"150\" height=\"103\" src=\"https:\/\/archive.sana.sy\/tr\/wp-content\/uploads\/2014\/10\/S\u00fcveyda-2-150x103.jpg\" class=\"attachment-thumbnail size-thumbnail\" alt=\"\" srcset=\"https:\/\/archive.sana.sy\/tr\/wp-content\/uploads\/2014\/10\/S\u00fcveyda-2-150x103.jpg 150w, https:\/\/archive.sana.sy\/tr\/wp-content\/uploads\/2014\/10\/S\u00fcveyda-2-300x206.jpg 300w, https:\/\/archive.sana.sy\/tr\/wp-content\/uploads\/2014\/10\/S\u00fcveyda-2-1024x705.jpg 1024w\" sizes=\"auto, (max-width: 150px) 100vw, 150px\" \/><\/a>\n\t\t\t<\/div><\/figure><figure class='gallery-item'>\n\t\t\t<div class='gallery-icon landscape'>\n\t\t\t\t<a href='https:\/\/archive.sana.sy\/tr\/wp-content\/uploads\/2014\/10\/S\u00fcveyda-3.jpg'><img loading=\"lazy\" decoding=\"async\" width=\"150\" height=\"98\" src=\"https:\/\/archive.sana.sy\/tr\/wp-content\/uploads\/2014\/10\/S\u00fcveyda-3-150x98.jpg\" class=\"attachment-thumbnail size-thumbnail\" alt=\"\" srcset=\"https:\/\/archive.sana.sy\/tr\/wp-content\/uploads\/2014\/10\/S\u00fcveyda-3-150x98.jpg 150w, https:\/\/archive.sana.sy\/tr\/wp-content\/uploads\/2014\/10\/S\u00fcveyda-3-300x197.jpg 300w, https:\/\/archive.sana.sy\/tr\/wp-content\/uploads\/2014\/10\/S\u00fcveyda-3-1024x675.jpg 1024w\" sizes=\"auto, (max-width: 150px) 100vw, 150px\" \/><\/a>\n\t\t\t<\/div><\/figure><figure class='gallery-item'>\n\t\t\t<div class='gallery-icon landscape'>\n\t\t\t\t<a href='https:\/\/archive.sana.sy\/tr\/wp-content\/uploads\/2014\/10\/S\u00fcveyda-4.jpg'><img loading=\"lazy\" decoding=\"async\" width=\"150\" height=\"93\" src=\"https:\/\/archive.sana.sy\/tr\/wp-content\/uploads\/2014\/10\/S\u00fcveyda-4-150x93.jpg\" class=\"attachment-thumbnail size-thumbnail\" alt=\"\" srcset=\"https:\/\/archive.sana.sy\/tr\/wp-content\/uploads\/2014\/10\/S\u00fcveyda-4-150x93.jpg 150w, https:\/\/archive.sana.sy\/tr\/wp-content\/uploads\/2014\/10\/S\u00fcveyda-4-300x187.jpg 300w, https:\/\/archive.sana.sy\/tr\/wp-content\/uploads\/2014\/10\/S\u00fcveyda-4-1024x640.jpg 1024w\" sizes=\"auto, (max-width: 150px) 100vw, 150px\" \/><\/a>\n\t\t\t<\/div><\/figure>\n\t\t<\/div>\n\n","protected":false},"excerpt":{"rendered":"<p>\u015eAM \u2013 S\u00dcVEYDA \u2013 Sa\u011fl\u0131k Bakanl\u0131\u011f\u0131, D\u00fcnya Sa\u011fl\u0131k \u00d6rg\u00fct\u00fc ile i\u015fbirli\u011fi i\u00e7erisinde bug\u00fcn \u015eam\u2019\u0131n Mezze Semtinde bulunan Saada Huzurevinde, d\u00fcnya ya\u015fl\u0131lar g\u00fcn\u00fc m\u00fcnasebetiyle bir kutlama d\u00fczenledi. T\u00f6rende konu\u015fma yapan Sa\u011fl\u0131k Bakan\u0131 Yard\u0131mc\u0131s\u0131 Ahmet Halifavi; bakanl\u0131\u011f\u0131n ya\u015fl\u0131lar\u0131n bak\u0131m\u0131 ve sa\u011fl\u0131\u011f\u0131yla ilgili hizmetlere b\u00fcy\u00fck bir \u00f6nem verdi\u011fini dile getirerek ya\u015fl\u0131lar\u0131n ihtiya\u00e7lar\u0131 ve onlara yard\u0131m y\u00f6ntemleriyle ilgili toplumsal &hellip;<\/p>\n","protected":false},"author":1,"featured_media":12040,"comment_status":"closed","ping_status":"closed","sticky":false,"template":"","format":"standard","meta":{"footnotes":""},"categories":[526,479,525,478],"tags":[2966],"class_list":["post-12039","post","type-post","status-publish","format-standard","has-post-thumbnail","","category-haber-ve-raporlar","category-haberler-yerel","category-toplum","category-yerel","tag-sam-ve-suveydada-dunya-yaslilar-gunu-kutlandi"],"_links":{"self":[{"href":"https:\/\/archive.sana.sy\/tr\/index.php?rest_route=\/wp\/v2\/posts\/12039","targetHints":{"allow":["GET"]}}],"collection":[{"href":"https:\/\/archive.sana.sy\/tr\/index.php?rest_route=\/wp\/v2\/posts"}],"about":[{"href":"https:\/\/archive.sana.sy\/tr\/index.php?rest_route=\/wp\/v2\/types\/post"}],"author":[{"embeddable":true,"href":"https:\/\/archive.sana.sy\/tr\/index.php?rest_route=\/wp\/v2\/users\/1"}],"replies":[{"embeddable":true,"href":"https:\/\/archive.sana.sy\/tr\/index.php?rest_route=%2Fwp%2Fv2%2Fcomments&post=12039"}],"version-history":[{"count":0,"href":"https:\/\/archive.sana.sy\/tr\/index.php?rest_route=\/wp\/v2\/posts\/12039\/revisions"}],"wp:featuredmedia":[{"embeddable":true,"href":"https:\/\/archive.sana.sy\/tr\/index.php?rest_route=\/wp\/v2\/media\/12040"}],"wp:attachment":[{"href":"https:\/\/archive.sana.sy\/tr\/index.php?rest_route=%2Fwp%2Fv2%2Fmedia&parent=12039"}],"wp:term":[{"taxonomy":"category","embeddable":true,"href":"https:\/\/archive.sana.sy\/tr\/index.php?rest_route=%2Fwp%2Fv2%2Fcategories&post=12039"},{"taxonomy":"post_tag","embeddable":true,"href":"https:\/\/archive.sana.sy\/tr\/index.php?rest_route=%2Fwp%2Fv2%2Ftags&post=12039"}],"curies":[{"name":"wp","href":"https:\/\/api.w.org\/{rel}","templated":true}]}}