{"id":12044,"date":"2014-10-01T16:44:55","date_gmt":"2014-10-01T13:44:55","guid":{"rendered":"http:\/\/www.sana.sy\/tr\/?p=12044"},"modified":"2014-10-02T10:11:16","modified_gmt":"2014-10-02T07:11:16","slug":"haydar-kizil-hac-temsilcisiyle-gorustu","status":"publish","type":"post","link":"https:\/\/archive.sana.sy\/tr\/?p=12044","title":{"rendered":"Haydar K\u0131z\u0131lha\u00e7 Temsilcisiyle G\u00f6r\u00fc\u015ft\u00fc"},"content":{"rendered":"<p>\u015eAM &#8211; Uzla\u015fma \u0130\u015flerinden Sorumlu Devlet Bakan\u0131 Ali Haydar Uluslararas\u0131 K\u0131z\u0131lhac Komitesi Ba\u015fkan\u0131 Boris Mishel\u2019le kay\u0131plar, ka\u00e7\u0131r\u0131lanlar ve ka\u00e7\u0131r\u0131lanlar\u0131n ailelerine psikolojik sosyal ve maddi yard\u0131m verme dosyalar\u0131n\u0131 masaya yat\u0131rmak \u00fczere g\u00f6r\u00fc\u015ft\u00fc.<\/p>\n<p>Haydar, Suriye\u2019de vatani uzla\u015fmalar\u0131n krizi \u00e7\u00f6zme plan\u0131n\u0131n \u00f6nemli bir par\u00e7as\u0131 oldu\u011funu kaydetti.<\/p>\n<p><a href=\"http:\/\/www.sana.sy\/tr\/wp-content\/uploads\/2014\/10\/Ali-hayd\u0131r-2.jpg\"><img loading=\"lazy\" decoding=\"async\" class=\"alignright wp-image-12112 size-full\" src=\"http:\/\/www.sana.sy\/tr\/wp-content\/uploads\/2014\/10\/Ali-hayd\u0131r-2.jpg\" alt=\"Ali hayd\u0131r 2\" width=\"265\" height=\"203\" srcset=\"https:\/\/archive.sana.sy\/tr\/wp-content\/uploads\/2014\/10\/Ali-hayd\u0131r-2.jpg 265w, https:\/\/archive.sana.sy\/tr\/wp-content\/uploads\/2014\/10\/Ali-hayd\u0131r-2-150x114.jpg 150w\" sizes=\"auto, (max-width: 265px) 100vw, 265px\" \/><\/a>Gelecek s\u00fcre\u00e7te bakanl\u0131\u011f\u0131n \u00e7al\u0131\u015fma hedefinin \u015eam k\u0131rsal\u0131ndaki Adra, Adra Beled ve D\u00fchhaniyye kentlerinin olaca\u011f\u0131n\u0131 belirten Haydar, uzla\u015fman\u0131n sa\u011fland\u0131\u011f\u0131 yerlerde bar\u0131\u015f\u0131 peki\u015ftirmek i\u00e7in bakanl\u0131k ile uluslararas\u0131 \u00f6rg\u00fct aras\u0131nda ortak \u00e7al\u0131\u015fma plan\u0131 koymaya davet etti.<\/p>\n<p>Komite ba\u015fkan\u0131 uzla\u015fmalar\u0131n \u00f6nemine dikkat \u00e7ekip, her birisi de\u011fi\u015fik bak\u0131\u015f a\u00e7\u0131s\u0131ndan bakmas\u0131na ra\u011fmen \u00e7ok say\u0131da uluslararas\u0131 \u00f6rg\u00fct\u00fcn bu konuyla ilgilendi\u011fini ifade etti.<\/p>\n","protected":false},"excerpt":{"rendered":"<p>\u015eAM &#8211; Uzla\u015fma \u0130\u015flerinden Sorumlu Devlet Bakan\u0131 Ali Haydar Uluslararas\u0131 K\u0131z\u0131lhac Komitesi Ba\u015fkan\u0131 Boris Mishel\u2019le kay\u0131plar, ka\u00e7\u0131r\u0131lanlar ve ka\u00e7\u0131r\u0131lanlar\u0131n ailelerine psikolojik sosyal ve maddi yard\u0131m verme dosyalar\u0131n\u0131 masaya yat\u0131rmak \u00fczere g\u00f6r\u00fc\u015ft\u00fc. Haydar, Suriye\u2019de vatani uzla\u015fmalar\u0131n krizi \u00e7\u00f6zme plan\u0131n\u0131n \u00f6nemli bir par\u00e7as\u0131 oldu\u011funu kaydetti. Gelecek s\u00fcre\u00e7te bakanl\u0131\u011f\u0131n \u00e7al\u0131\u015fma hedefinin \u015eam k\u0131rsal\u0131ndaki Adra, Adra Beled ve D\u00fchhaniyye &hellip;<\/p>\n","protected":false},"author":1,"featured_media":12111,"comment_status":"closed","ping_status":"closed","sticky":false,"template":"","format":"standard","meta":{"footnotes":""},"categories":[479,478],"tags":[2965],"class_list":["post-12044","post","type-post","status-publish","format-standard","has-post-thumbnail","","category-haberler-yerel","category-yerel","tag-haydar-kizil-hac-temsilcisiyle-gorustu"],"_links":{"self":[{"href":"https:\/\/archive.sana.sy\/tr\/index.php?rest_route=\/wp\/v2\/posts\/12044","targetHints":{"allow":["GET"]}}],"collection":[{"href":"https:\/\/archive.sana.sy\/tr\/index.php?rest_route=\/wp\/v2\/posts"}],"about":[{"href":"https:\/\/archive.sana.sy\/tr\/index.php?rest_route=\/wp\/v2\/types\/post"}],"author":[{"embeddable":true,"href":"https:\/\/archive.sana.sy\/tr\/index.php?rest_route=\/wp\/v2\/users\/1"}],"replies":[{"embeddable":true,"href":"https:\/\/archive.sana.sy\/tr\/index.php?rest_route=%2Fwp%2Fv2%2Fcomments&post=12044"}],"version-history":[{"count":0,"href":"https:\/\/archive.sana.sy\/tr\/index.php?rest_route=\/wp\/v2\/posts\/12044\/revisions"}],"wp:featuredmedia":[{"embeddable":true,"href":"https:\/\/archive.sana.sy\/tr\/index.php?rest_route=\/wp\/v2\/media\/12111"}],"wp:attachment":[{"href":"https:\/\/archive.sana.sy\/tr\/index.php?rest_route=%2Fwp%2Fv2%2Fmedia&parent=12044"}],"wp:term":[{"taxonomy":"category","embeddable":true,"href":"https:\/\/archive.sana.sy\/tr\/index.php?rest_route=%2Fwp%2Fv2%2Fcategories&post=12044"},{"taxonomy":"post_tag","embeddable":true,"href":"https:\/\/archive.sana.sy\/tr\/index.php?rest_route=%2Fwp%2Fv2%2Ftags&post=12044"}],"curies":[{"name":"wp","href":"https:\/\/api.w.org\/{rel}","templated":true}]}}