{"id":12052,"date":"2014-10-01T16:58:42","date_gmt":"2014-10-01T13:58:42","guid":{"rendered":"http:\/\/www.sana.sy\/tr\/?p=12052"},"modified":"2014-10-01T17:01:42","modified_gmt":"2014-10-01T14:01:42","slug":"ordu-birliklerimiz-teroristlerin-dera-kentinde-eski-gumruk-komutanligi-ve-ebazid-su-deposu-tarafindan-mensiyye-semtine-sizma-girisimini-puskurtup-cok-sayida-teroristi-olu-ve-yarali-dusurdu","status":"publish","type":"post","link":"https:\/\/archive.sana.sy\/tr\/?p=12052","title":{"rendered":"Ordu birliklerimiz, ter\u00f6ristlerin Dera Kentinde eski g\u00fcmr\u00fck komutanl\u0131\u011f\u0131 ve Ebazid su deposu taraf\u0131ndan Men\u015fiyye Semtine s\u0131zma giri\u015fimini p\u00fcsk\u00fcrt\u00fcp \u00e7ok say\u0131da ter\u00f6risti \u00f6l\u00fc ve yaral\u0131 d\u00fc\u015f\u00fcrd\u00fc."},"content":{"rendered":"<p>Ordu birliklerimiz, ter\u00f6ristlerin Dera Kentinde eski g\u00fcmr\u00fck komutanl\u0131\u011f\u0131 ve Ebazid su deposu taraf\u0131ndan Men\u015fiyye Semtine s\u0131zma giri\u015fimini p\u00fcsk\u00fcrt\u00fcp \u00e7ok say\u0131da ter\u00f6risti \u00f6l\u00fc ve yaral\u0131 d\u00fc\u015f\u00fcrd\u00fc.<\/p>\n","protected":false},"excerpt":{"rendered":"<p>Ordu birliklerimiz, ter\u00f6ristlerin Dera Kentinde eski g\u00fcmr\u00fck komutanl\u0131\u011f\u0131 ve Ebazid su deposu taraf\u0131ndan Men\u015fiyye Semtine s\u0131zma giri\u015fimini p\u00fcsk\u00fcrt\u00fcp \u00e7ok say\u0131da ter\u00f6risti \u00f6l\u00fc ve yaral\u0131 d\u00fc\u015f\u00fcrd\u00fc.<\/p>\n","protected":false},"author":1,"featured_media":0,"comment_status":"closed","ping_status":"closed","sticky":false,"template":"","format":"standard","meta":{"footnotes":""},"categories":[1],"tags":[2695,2967],"class_list":["post-12052","post","type-post","status-publish","format-standard","","category-news-not-sorted","tag-ordu-birliklerimiz","tag-teroristlerin-dera-kentinde-eski-gumruk-komutanligi-ve-ebazid-su-deposu-tarafindan-mensiyye-semtine-sizma-girisimini-puskurtup-cok-sayida-teroristi-olu-ve-yarali-dusurdu"],"_links":{"self":[{"href":"https:\/\/archive.sana.sy\/tr\/index.php?rest_route=\/wp\/v2\/posts\/12052","targetHints":{"allow":["GET"]}}],"collection":[{"href":"https:\/\/archive.sana.sy\/tr\/index.php?rest_route=\/wp\/v2\/posts"}],"about":[{"href":"https:\/\/archive.sana.sy\/tr\/index.php?rest_route=\/wp\/v2\/types\/post"}],"author":[{"embeddable":true,"href":"https:\/\/archive.sana.sy\/tr\/index.php?rest_route=\/wp\/v2\/users\/1"}],"replies":[{"embeddable":true,"href":"https:\/\/archive.sana.sy\/tr\/index.php?rest_route=%2Fwp%2Fv2%2Fcomments&post=12052"}],"version-history":[{"count":0,"href":"https:\/\/archive.sana.sy\/tr\/index.php?rest_route=\/wp\/v2\/posts\/12052\/revisions"}],"wp:attachment":[{"href":"https:\/\/archive.sana.sy\/tr\/index.php?rest_route=%2Fwp%2Fv2%2Fmedia&parent=12052"}],"wp:term":[{"taxonomy":"category","embeddable":true,"href":"https:\/\/archive.sana.sy\/tr\/index.php?rest_route=%2Fwp%2Fv2%2Fcategories&post=12052"},{"taxonomy":"post_tag","embeddable":true,"href":"https:\/\/archive.sana.sy\/tr\/index.php?rest_route=%2Fwp%2Fv2%2Ftags&post=12052"}],"curies":[{"name":"wp","href":"https:\/\/api.w.org\/{rel}","templated":true}]}}