{"id":12056,"date":"2014-10-01T17:14:11","date_gmt":"2014-10-01T14:14:11","guid":{"rendered":"http:\/\/www.sana.sy\/tr\/?p=12056"},"modified":"2014-10-01T17:14:11","modified_gmt":"2014-10-01T14:14:11","slug":"ordu-birliklerimiz-kunaytra-kirsalinda-meshara-beldesinin-batisinda-teroristlerin-bir-konvoyunu-hedef-alip-ve-um-batina-beldesinde-duzeneklerini-yok-edip-cok-sayida-teroristi-olu-ve-yarali-dusurdu","status":"publish","type":"post","link":"https:\/\/archive.sana.sy\/tr\/?p=12056","title":{"rendered":"Ordu birliklerimiz, Kunaytra k\u0131rsal\u0131nda Meshara Beldesinin bat\u0131s\u0131nda ter\u00f6ristlerin bir konvoyunu hedef al\u0131p ve \u00dcm Bat\u0131na beldesinde d\u00fczeneklerini yok edip \u00e7ok say\u0131da ter\u00f6risti \u00f6l\u00fc ve yaral\u0131 d\u00fc\u015f\u00fcrd\u00fc."},"content":{"rendered":"<p>Ordu birliklerimiz, Kunaytra k\u0131rsal\u0131nda Meshara Beldesinin bat\u0131s\u0131nda ter\u00f6ristlerin bir konvoyunu hedef al\u0131p ve \u00dcm Bat\u0131na beldesinde d\u00fczeneklerini yok edip \u00e7ok say\u0131da ter\u00f6risti \u00f6l\u00fc ve yaral\u0131 d\u00fc\u015f\u00fcrd\u00fc.<\/p>\n","protected":false},"excerpt":{"rendered":"<p>Ordu birliklerimiz, Kunaytra k\u0131rsal\u0131nda Meshara Beldesinin bat\u0131s\u0131nda ter\u00f6ristlerin bir konvoyunu hedef al\u0131p ve \u00dcm Bat\u0131na beldesinde d\u00fczeneklerini yok edip \u00e7ok say\u0131da ter\u00f6risti \u00f6l\u00fc ve yaral\u0131 d\u00fc\u015f\u00fcrd\u00fc.<\/p>\n","protected":false},"author":1,"featured_media":0,"comment_status":"closed","ping_status":"closed","sticky":false,"template":"","format":"standard","meta":{"footnotes":""},"categories":[1],"tags":[2968,2695],"class_list":["post-12056","post","type-post","status-publish","format-standard","","category-news-not-sorted","tag-kunaytra-kirsalinda-meshara-beldesinin-batisinda-teroristlerin-bir-konvoyunu-hedef-alip-ve-um-batina-beldesinde-duzeneklerini-yok-edip-cok-sayida-teroristi-olu-ve-yarali-dusurdu","tag-ordu-birliklerimiz"],"_links":{"self":[{"href":"https:\/\/archive.sana.sy\/tr\/index.php?rest_route=\/wp\/v2\/posts\/12056","targetHints":{"allow":["GET"]}}],"collection":[{"href":"https:\/\/archive.sana.sy\/tr\/index.php?rest_route=\/wp\/v2\/posts"}],"about":[{"href":"https:\/\/archive.sana.sy\/tr\/index.php?rest_route=\/wp\/v2\/types\/post"}],"author":[{"embeddable":true,"href":"https:\/\/archive.sana.sy\/tr\/index.php?rest_route=\/wp\/v2\/users\/1"}],"replies":[{"embeddable":true,"href":"https:\/\/archive.sana.sy\/tr\/index.php?rest_route=%2Fwp%2Fv2%2Fcomments&post=12056"}],"version-history":[{"count":0,"href":"https:\/\/archive.sana.sy\/tr\/index.php?rest_route=\/wp\/v2\/posts\/12056\/revisions"}],"wp:attachment":[{"href":"https:\/\/archive.sana.sy\/tr\/index.php?rest_route=%2Fwp%2Fv2%2Fmedia&parent=12056"}],"wp:term":[{"taxonomy":"category","embeddable":true,"href":"https:\/\/archive.sana.sy\/tr\/index.php?rest_route=%2Fwp%2Fv2%2Fcategories&post=12056"},{"taxonomy":"post_tag","embeddable":true,"href":"https:\/\/archive.sana.sy\/tr\/index.php?rest_route=%2Fwp%2Fv2%2Ftags&post=12056"}],"curies":[{"name":"wp","href":"https:\/\/api.w.org\/{rel}","templated":true}]}}