{"id":12061,"date":"2014-10-01T18:27:11","date_gmt":"2014-10-01T15:27:11","guid":{"rendered":"http:\/\/www.sana.sy\/tr\/?p=12061"},"modified":"2014-10-01T18:27:11","modified_gmt":"2014-10-01T15:27:11","slug":"su-kaynaklari-sektorunde-suriye-iran-isbirligi-pekistirilecek","status":"publish","type":"post","link":"https:\/\/archive.sana.sy\/tr\/?p=12061","title":{"rendered":"Su Kaynaklar\u0131 Sekt\u00f6r\u00fcnde Suriye-\u0130ran \u0130\u015fbirli\u011fi Peki\u015ftirilecek"},"content":{"rendered":"<p>\u015eAM \u2013 Su Kaynaklar\u0131 Bakan\u0131 Kemal el \u015eeyha, \u0130ran Enerji Bakan Yard\u0131mc\u0131s\u0131 Behram Nizam Meleki ve ona e\u015flik eden heyeti, su kaynaklar\u0131 sekt\u00f6r\u00fcnde i\u015fbirli\u011finin peki\u015ftirilmesi, ortak projelerin \u00f6n\u00fcndeki engelleri kald\u0131rma yollar\u0131n\u0131 masaya yat\u0131rmak \u00fczere topland\u0131.<\/p>\n<p>\u015eeyha iki \u00fclkeyi bir birine ba\u011flayan \u00f6zel ili\u015fkilere dikkat \u00e7ekerek her alanda bu ili\u015fkiye lay\u0131k bir ilerleme kaydedilmesi laz\u0131m oldu\u011funu ifade etti.<\/p>\n<p>Lazkiye ve Tartus\u2019ta \u0130ranl\u0131 \u201cTahran Mizab\u201d \u015firketinin kurdu\u011fu, 4 milyar Suriye liras\u0131 de\u011ferindeki su art\u0131ma tesisleri projelerinin \u00f6n\u00fcndeki engelleri masaya yat\u0131ran iki taraf, \u0130ranl\u0131 \u201cSafa Niko\u201d \u015firketinin \u00fcstlendi\u011fi F\u0131rat ve Baas barajlar\u0131n\u0131n da\u011f\u0131tma sahalar\u0131n\u0131n yenileme projesini de konu\u015ftular.<\/p>\n<p>\u0130ki taraf, olu\u015fan zorluk ve engelleri a\u015fmak i\u00e7in ortak bir komisyon kurulmas\u0131na anla\u015ft\u0131.<\/p>\n","protected":false},"excerpt":{"rendered":"<p>\u015eAM \u2013 Su Kaynaklar\u0131 Bakan\u0131 Kemal el \u015eeyha, \u0130ran Enerji Bakan Yard\u0131mc\u0131s\u0131 Behram Nizam Meleki ve ona e\u015flik eden heyeti, su kaynaklar\u0131 sekt\u00f6r\u00fcnde i\u015fbirli\u011finin peki\u015ftirilmesi, ortak projelerin \u00f6n\u00fcndeki engelleri kald\u0131rma yollar\u0131n\u0131 masaya yat\u0131rmak \u00fczere topland\u0131. \u015eeyha iki \u00fclkeyi bir birine ba\u011flayan \u00f6zel ili\u015fkilere dikkat \u00e7ekerek her alanda bu ili\u015fkiye lay\u0131k bir ilerleme kaydedilmesi laz\u0131m oldu\u011funu &hellip;<\/p>\n","protected":false},"author":1,"featured_media":12062,"comment_status":"closed","ping_status":"closed","sticky":false,"template":"","format":"standard","meta":{"footnotes":""},"categories":[485,486],"tags":[2969],"class_list":["post-12061","post","type-post","status-publish","format-standard","has-post-thumbnail","","category-is-ve-sermaye","category-haberler-is-ve-sermaye","tag-su-kaynaklari-sektorunde-suriye-iran-isbirligi-pekistirilecek"],"_links":{"self":[{"href":"https:\/\/archive.sana.sy\/tr\/index.php?rest_route=\/wp\/v2\/posts\/12061","targetHints":{"allow":["GET"]}}],"collection":[{"href":"https:\/\/archive.sana.sy\/tr\/index.php?rest_route=\/wp\/v2\/posts"}],"about":[{"href":"https:\/\/archive.sana.sy\/tr\/index.php?rest_route=\/wp\/v2\/types\/post"}],"author":[{"embeddable":true,"href":"https:\/\/archive.sana.sy\/tr\/index.php?rest_route=\/wp\/v2\/users\/1"}],"replies":[{"embeddable":true,"href":"https:\/\/archive.sana.sy\/tr\/index.php?rest_route=%2Fwp%2Fv2%2Fcomments&post=12061"}],"version-history":[{"count":0,"href":"https:\/\/archive.sana.sy\/tr\/index.php?rest_route=\/wp\/v2\/posts\/12061\/revisions"}],"wp:featuredmedia":[{"embeddable":true,"href":"https:\/\/archive.sana.sy\/tr\/index.php?rest_route=\/wp\/v2\/media\/12062"}],"wp:attachment":[{"href":"https:\/\/archive.sana.sy\/tr\/index.php?rest_route=%2Fwp%2Fv2%2Fmedia&parent=12061"}],"wp:term":[{"taxonomy":"category","embeddable":true,"href":"https:\/\/archive.sana.sy\/tr\/index.php?rest_route=%2Fwp%2Fv2%2Fcategories&post=12061"},{"taxonomy":"post_tag","embeddable":true,"href":"https:\/\/archive.sana.sy\/tr\/index.php?rest_route=%2Fwp%2Fv2%2Ftags&post=12061"}],"curies":[{"name":"wp","href":"https:\/\/api.w.org\/{rel}","templated":true}]}}