{"id":120682,"date":"2017-07-31T15:05:27","date_gmt":"2017-07-31T12:05:27","guid":{"rendered":"http:\/\/www.sana.sy\/tr\/?p=120682"},"modified":"2017-08-01T15:20:45","modified_gmt":"2017-08-01T12:20:45","slug":"yogun-ilgiyle-bekleniyor-video","status":"publish","type":"post","link":"https:\/\/archive.sana.sy\/tr\/?p=120682","title":{"rendered":"Yo\u011fun \u0130lgiyle Bekleniyor (video)"},"content":{"rendered":"<p>\u015eAM KIRSALI \u2013 Enformasyon Bakan\u0131 Ramiz Terc\u00fcman 17-26 A\u011fustos tarihleri aras\u0131nda \u015eam k\u0131rsal\u0131 Do\u011fu \u011euta B\u00f6lgesinde yer alan Uluslararas\u0131 Fuarlar Kentinde yerel, b\u00f6lgesel ve uluslar aras\u0131 b\u00fcy\u00fck bir ilgiyle d\u00fczenlenmesi beklenen 59. Uluslararas\u0131 \u015eam Fuar\u0131nda bakanl\u0131\u011f\u0131n kat\u0131l\u0131m haz\u0131rl\u0131klar\u0131n\u0131 inceledi.<\/p>\n<p><a href=\"http:\/\/www.sana.sy\/tr\/wp-content\/uploads\/2017\/07\/\u015eam.jpg-1.jpg\"><img loading=\"lazy\" decoding=\"async\" class=\"alignright wp-image-120685 size-medium\" src=\"http:\/\/www.sana.sy\/tr\/wp-content\/uploads\/2017\/07\/\u015eam.jpg-1-300x200.jpg\" alt=\"\" width=\"300\" height=\"200\" srcset=\"https:\/\/archive.sana.sy\/tr\/wp-content\/uploads\/2017\/07\/\u015eam.jpg-1-300x200.jpg 300w, https:\/\/archive.sana.sy\/tr\/wp-content\/uploads\/2017\/07\/\u015eam.jpg-1-150x100.jpg 150w, https:\/\/archive.sana.sy\/tr\/wp-content\/uploads\/2017\/07\/\u015eam.jpg-1.jpg 660w\" sizes=\"auto, (max-width: 300px) 100vw, 300px\" \/><\/a>Fuarda yerel ve yabanc\u0131 bas\u0131n mensuplar\u0131na muhtelif t\u00fcr hizmet temin edecek donan\u0131ml\u0131 bas\u0131n merkezinde incelemelerde bulunan Bakan Terc\u00fcman; be\u015f y\u0131l sonra yeniden d\u00fczenlenen ve Ortado\u011fu&#8217;nun en \u00f6nemli faaliyetlerinden biri say\u0131lan bu fuar\u0131n muhtelif a\u00e7\u0131lardan ta\u015f\u0131d\u0131\u011f\u0131 \u00f6neme vurgu yapt\u0131.<\/p>\n<p>Bakan terc\u00fcman fuar\u0131n siyasi, sosyal ve ekonomik olduk\u00e7a \u00f6nemli de\u011fer ve mesajlar ta\u015f\u0131d\u0131\u011f\u0131na dikkat \u00e7ekerken, Suriye&#8217;nin zafer e\u015fi\u011finde oldu\u011fu, ekonomi \u00e7ark\u0131n\u0131n yeniden d\u00f6nd\u00fc\u011f\u00fc ve yeniden yap\u0131lanma s\u00fcrecinin azimle ba\u015flad\u0131\u011f\u0131 y\u00f6n\u00fcnde bir mesaj te\u015fkil etti\u011fini kaydetti.<\/p>\n<p><a href=\"http:\/\/www.sana.sy\/tr\/wp-content\/uploads\/2017\/07\/\u015eam.jpg-4.jpg\"><img loading=\"lazy\" decoding=\"async\" class=\"alignright wp-image-120686 size-medium\" src=\"http:\/\/www.sana.sy\/tr\/wp-content\/uploads\/2017\/07\/\u015eam.jpg-4-300x200.jpg\" alt=\"\" width=\"300\" height=\"200\" srcset=\"https:\/\/archive.sana.sy\/tr\/wp-content\/uploads\/2017\/07\/\u015eam.jpg-4-300x200.jpg 300w, https:\/\/archive.sana.sy\/tr\/wp-content\/uploads\/2017\/07\/\u015eam.jpg-4-150x100.jpg 150w, https:\/\/archive.sana.sy\/tr\/wp-content\/uploads\/2017\/07\/\u015eam.jpg-4.jpg 660w\" sizes=\"auto, (max-width: 300px) 100vw, 300px\" \/><\/a>Enformasyon Bakan\u0131 Terc\u00fcman, bakanl\u0131\u011f\u0131n fuara \u00fcst\u00fcn \u00f6zellikli ekipman ve donan\u0131mlara yer veren bas\u0131n merkezi ile kat\u0131laca\u011f\u0131n\u0131, fuara has bir radyo ve gazetenin de faaliyet g\u00f6sterece\u011fini a\u00e7\u0131klad\u0131.<\/p>\n<p>Fuarda yerel ve yabanc\u0131, \u00f6zel ve resmi 20\u2019den fazla \u00f6nemli bas\u0131n kurulu\u015funun yer alaca\u011f\u0131na dikkat \u00e7eken Bakan Terc\u00fcman; fuar\u0131n b\u00f6lgesel ve uluslar aras\u0131 d\u00fczeyde b\u00fcy\u00fck bir ilgi ve \u00f6nemle beklendi\u011fini ifade etti.<\/p>\n<p>https:\/\/www.youtube.com\/watch?v=_onZC2Qoi-E<\/p>\n<p>&nbsp;<\/p>\n","protected":false},"excerpt":{"rendered":"<p>\u015eAM KIRSALI \u2013 Enformasyon Bakan\u0131 Ramiz Terc\u00fcman 17-26 A\u011fustos tarihleri aras\u0131nda \u015eam k\u0131rsal\u0131 Do\u011fu \u011euta B\u00f6lgesinde yer alan Uluslararas\u0131 Fuarlar Kentinde yerel, b\u00f6lgesel ve uluslar aras\u0131 b\u00fcy\u00fck bir ilgiyle d\u00fczenlenmesi beklenen 59. Uluslararas\u0131 \u015eam Fuar\u0131nda bakanl\u0131\u011f\u0131n kat\u0131l\u0131m haz\u0131rl\u0131klar\u0131n\u0131 inceledi. Fuarda yerel ve yabanc\u0131 bas\u0131n mensuplar\u0131na muhtelif t\u00fcr hizmet temin edecek donan\u0131ml\u0131 bas\u0131n merkezinde incelemelerde bulunan &hellip;<\/p>\n","protected":false},"author":1,"featured_media":120683,"comment_status":"closed","ping_status":"closed","sticky":false,"template":"","format":"standard","meta":{"footnotes":""},"categories":[479,17988,478],"tags":[30909,31529,23069,31527,30911,31530,31528],"class_list":["post-120682","post","type-post","status-publish","format-standard","has-post-thumbnail","","category-haberler-yerel","category-son-haberler","category-yerel","tag-17-26-agustos-tarihleri","tag-bolgesel","tag-enformasyon-bakani-ramiz-tercuman","tag-sam-kirsali-dogu-guta-bolgesinde","tag-uluslararasi-fuarlar-kentinde","tag-uluslararasi-sam-fuarinda","tag-yerel"],"_links":{"self":[{"href":"https:\/\/archive.sana.sy\/tr\/index.php?rest_route=\/wp\/v2\/posts\/120682","targetHints":{"allow":["GET"]}}],"collection":[{"href":"https:\/\/archive.sana.sy\/tr\/index.php?rest_route=\/wp\/v2\/posts"}],"about":[{"href":"https:\/\/archive.sana.sy\/tr\/index.php?rest_route=\/wp\/v2\/types\/post"}],"author":[{"embeddable":true,"href":"https:\/\/archive.sana.sy\/tr\/index.php?rest_route=\/wp\/v2\/users\/1"}],"replies":[{"embeddable":true,"href":"https:\/\/archive.sana.sy\/tr\/index.php?rest_route=%2Fwp%2Fv2%2Fcomments&post=120682"}],"version-history":[{"count":0,"href":"https:\/\/archive.sana.sy\/tr\/index.php?rest_route=\/wp\/v2\/posts\/120682\/revisions"}],"wp:featuredmedia":[{"embeddable":true,"href":"https:\/\/archive.sana.sy\/tr\/index.php?rest_route=\/wp\/v2\/media\/120683"}],"wp:attachment":[{"href":"https:\/\/archive.sana.sy\/tr\/index.php?rest_route=%2Fwp%2Fv2%2Fmedia&parent=120682"}],"wp:term":[{"taxonomy":"category","embeddable":true,"href":"https:\/\/archive.sana.sy\/tr\/index.php?rest_route=%2Fwp%2Fv2%2Fcategories&post=120682"},{"taxonomy":"post_tag","embeddable":true,"href":"https:\/\/archive.sana.sy\/tr\/index.php?rest_route=%2Fwp%2Fv2%2Ftags&post=120682"}],"curies":[{"name":"wp","href":"https:\/\/api.w.org\/{rel}","templated":true}]}}