{"id":12069,"date":"2014-10-01T19:18:01","date_gmt":"2014-10-01T16:18:01","guid":{"rendered":"http:\/\/www.sana.sy\/tr\/?p=12069"},"modified":"2014-10-01T19:18:01","modified_gmt":"2014-10-01T16:18:01","slug":"hasekeye-54-bin-yardim-paketi-girmeye-basladi","status":"publish","type":"post","link":"https:\/\/archive.sana.sy\/tr\/?p=12069","title":{"rendered":"Haseke\u2019ye 54 Bin Yard\u0131m Paketi Girmeye Ba\u015flad\u0131"},"content":{"rendered":"<p>HASEKE \u2013 Haseke \u0130nsani Yard\u0131m Konseyi bug\u00fcn yapt\u0131\u011f\u0131 toplant\u0131da Suriye K\u0131z\u0131lay \u015fubesinin insani \u00e7al\u0131\u015fmalar\u0131n\u0131 konu\u015ftu.<\/p>\n<p>Sosyal \u0130\u015fler M\u00fcd\u00fcr\u00fc \u0130sam el H\u00fcseyin, d\u00fcn ak\u015famdan itibaren Haseke\u2019ye, Uluslararas\u0131 G\u0131da Program\u0131 taraf\u0131ndan takdim edilen 54 bin 434 g\u0131da paketinin girmeye ba\u015flad\u0131\u011f\u0131n\u0131, gelen yard\u0131mlar\u0131n ikamet eden ve g\u00f6\u00e7 ettirilen aileleri kapsad\u0131\u011f\u0131n\u0131 a\u00e7\u0131klad\u0131.<\/p>\n<p>Haseke K\u0131z\u0131lay \u015eubesi M\u00fcd\u00fcr\u00fc \u011earbi Merdud, \u015fubenin ge\u00e7en iki hafta i\u00e7erisinde Guveyran mahallesinden g\u00f6\u00e7en ailelere 750 g\u0131da, 2000 sa\u011fl\u0131k ve 1250 battaniye olmak \u00fczere toplam 4 bin yard\u0131m paketi da\u011f\u0131tt\u0131\u011f\u0131n\u0131 belirtti.<\/p>\n<p>Haseke Valisi Muhammed Zaal el Ali b\u00fct\u00fcn herkesi insani hizmetin daha da aktif bir hale gelmesi i\u00e7in bu s\u00fcrede i\u015f yo\u011funlu\u011funu tahamm\u00fcl etmeye, daha fazla gayret g\u00f6stermeye davet etti.<\/p>\n","protected":false},"excerpt":{"rendered":"<p>HASEKE \u2013 Haseke \u0130nsani Yard\u0131m Konseyi bug\u00fcn yapt\u0131\u011f\u0131 toplant\u0131da Suriye K\u0131z\u0131lay \u015fubesinin insani \u00e7al\u0131\u015fmalar\u0131n\u0131 konu\u015ftu. Sosyal \u0130\u015fler M\u00fcd\u00fcr\u00fc \u0130sam el H\u00fcseyin, d\u00fcn ak\u015famdan itibaren Haseke\u2019ye, Uluslararas\u0131 G\u0131da Program\u0131 taraf\u0131ndan takdim edilen 54 bin 434 g\u0131da paketinin girmeye ba\u015flad\u0131\u011f\u0131n\u0131, gelen yard\u0131mlar\u0131n ikamet eden ve g\u00f6\u00e7 ettirilen aileleri kapsad\u0131\u011f\u0131n\u0131 a\u00e7\u0131klad\u0131. Haseke K\u0131z\u0131lay \u015eubesi M\u00fcd\u00fcr\u00fc \u011earbi Merdud, \u015fubenin &hellip;<\/p>\n","protected":false},"author":1,"featured_media":12070,"comment_status":"closed","ping_status":"closed","sticky":false,"template":"","format":"standard","meta":{"footnotes":""},"categories":[485,486,479,478],"tags":[2971],"class_list":["post-12069","post","type-post","status-publish","format-standard","has-post-thumbnail","","category-is-ve-sermaye","category-haberler-is-ve-sermaye","category-haberler-yerel","category-yerel","tag-hasekeye-54-bin-yardim-paketi-girmeye-basladi"],"_links":{"self":[{"href":"https:\/\/archive.sana.sy\/tr\/index.php?rest_route=\/wp\/v2\/posts\/12069","targetHints":{"allow":["GET"]}}],"collection":[{"href":"https:\/\/archive.sana.sy\/tr\/index.php?rest_route=\/wp\/v2\/posts"}],"about":[{"href":"https:\/\/archive.sana.sy\/tr\/index.php?rest_route=\/wp\/v2\/types\/post"}],"author":[{"embeddable":true,"href":"https:\/\/archive.sana.sy\/tr\/index.php?rest_route=\/wp\/v2\/users\/1"}],"replies":[{"embeddable":true,"href":"https:\/\/archive.sana.sy\/tr\/index.php?rest_route=%2Fwp%2Fv2%2Fcomments&post=12069"}],"version-history":[{"count":0,"href":"https:\/\/archive.sana.sy\/tr\/index.php?rest_route=\/wp\/v2\/posts\/12069\/revisions"}],"wp:featuredmedia":[{"embeddable":true,"href":"https:\/\/archive.sana.sy\/tr\/index.php?rest_route=\/wp\/v2\/media\/12070"}],"wp:attachment":[{"href":"https:\/\/archive.sana.sy\/tr\/index.php?rest_route=%2Fwp%2Fv2%2Fmedia&parent=12069"}],"wp:term":[{"taxonomy":"category","embeddable":true,"href":"https:\/\/archive.sana.sy\/tr\/index.php?rest_route=%2Fwp%2Fv2%2Fcategories&post=12069"},{"taxonomy":"post_tag","embeddable":true,"href":"https:\/\/archive.sana.sy\/tr\/index.php?rest_route=%2Fwp%2Fv2%2Ftags&post=12069"}],"curies":[{"name":"wp","href":"https:\/\/api.w.org\/{rel}","templated":true}]}}