{"id":120694,"date":"2017-07-31T12:30:38","date_gmt":"2017-07-31T09:30:38","guid":{"rendered":"http:\/\/www.sana.sy\/tr\/?p=120694"},"modified":"2017-08-01T15:20:53","modified_gmt":"2017-08-01T12:20:53","slug":"su-ana-kadar-yetersiz-kaliyor","status":"publish","type":"post","link":"https:\/\/archive.sana.sy\/tr\/?p=120694","title":{"rendered":"\u015eu Ana Kadar Yetersiz Kal\u0131yor"},"content":{"rendered":"<p>HALEP \u2013 Halep Valisi H\u00fcseyin D\u0130yab bug\u00fcn Halep \u015eehir Meclisine tabi S\u00fcryan Hizmet Dairesine saha gezisinde bulunarak incelemelerde bulundu.<\/p>\n<p>\u015eehir Meclisine tabi hizmet dairelerinde \u00e7al\u0131\u015fmalar\u0131n \u015fu ana dek yetersiz oldu\u011funu ve vatanda\u015flar\u0131n ihtiya\u00e7lar\u0131n\u0131 kar\u015f\u0131lamad\u0131\u011f\u0131n\u0131 belirten Halep Valisi Diyab; vatanda\u015flara hizmette t\u00fcm eksikliklerin giderilmesi y\u00f6nlendirmelerinde bulundu.<\/p>\n<p>Vali Diyab hizmet alanlar\u0131nda faaliyet g\u00f6steren dairelerde be\u015feri kaynaklar\u0131n en iyi \u015fekilde kullan\u0131lmas\u0131 gere\u011fine dikkat \u00e7ekti.<\/p>\n","protected":false},"excerpt":{"rendered":"<p>HALEP \u2013 Halep Valisi H\u00fcseyin D\u0130yab bug\u00fcn Halep \u015eehir Meclisine tabi S\u00fcryan Hizmet Dairesine saha gezisinde bulunarak incelemelerde bulundu. \u015eehir Meclisine tabi hizmet dairelerinde \u00e7al\u0131\u015fmalar\u0131n \u015fu ana dek yetersiz oldu\u011funu ve vatanda\u015flar\u0131n ihtiya\u00e7lar\u0131n\u0131 kar\u015f\u0131lamad\u0131\u011f\u0131n\u0131 belirten Halep Valisi Diyab; vatanda\u015flara hizmette t\u00fcm eksikliklerin giderilmesi y\u00f6nlendirmelerinde bulundu. Vali Diyab hizmet alanlar\u0131nda faaliyet g\u00f6steren dairelerde be\u015feri kaynaklar\u0131n en &hellip;<\/p>\n","protected":false},"author":1,"featured_media":120695,"comment_status":"closed","ping_status":"closed","sticky":false,"template":"","format":"standard","meta":{"footnotes":""},"categories":[479,17988,478],"tags":[31537,23871,31538,25886],"class_list":["post-120694","post","type-post","status-publish","format-standard","has-post-thumbnail","","category-haberler-yerel","category-son-haberler","category-yerel","tag-halep-sehir-meclisine","tag-halep-valisi-huseyin-diyab","tag-suryan-hizmet-dairesi","tag-vatandaslar"],"_links":{"self":[{"href":"https:\/\/archive.sana.sy\/tr\/index.php?rest_route=\/wp\/v2\/posts\/120694","targetHints":{"allow":["GET"]}}],"collection":[{"href":"https:\/\/archive.sana.sy\/tr\/index.php?rest_route=\/wp\/v2\/posts"}],"about":[{"href":"https:\/\/archive.sana.sy\/tr\/index.php?rest_route=\/wp\/v2\/types\/post"}],"author":[{"embeddable":true,"href":"https:\/\/archive.sana.sy\/tr\/index.php?rest_route=\/wp\/v2\/users\/1"}],"replies":[{"embeddable":true,"href":"https:\/\/archive.sana.sy\/tr\/index.php?rest_route=%2Fwp%2Fv2%2Fcomments&post=120694"}],"version-history":[{"count":0,"href":"https:\/\/archive.sana.sy\/tr\/index.php?rest_route=\/wp\/v2\/posts\/120694\/revisions"}],"wp:featuredmedia":[{"embeddable":true,"href":"https:\/\/archive.sana.sy\/tr\/index.php?rest_route=\/wp\/v2\/media\/120695"}],"wp:attachment":[{"href":"https:\/\/archive.sana.sy\/tr\/index.php?rest_route=%2Fwp%2Fv2%2Fmedia&parent=120694"}],"wp:term":[{"taxonomy":"category","embeddable":true,"href":"https:\/\/archive.sana.sy\/tr\/index.php?rest_route=%2Fwp%2Fv2%2Fcategories&post=120694"},{"taxonomy":"post_tag","embeddable":true,"href":"https:\/\/archive.sana.sy\/tr\/index.php?rest_route=%2Fwp%2Fv2%2Ftags&post=120694"}],"curies":[{"name":"wp","href":"https:\/\/api.w.org\/{rel}","templated":true}]}}