{"id":120703,"date":"2017-07-31T15:38:09","date_gmt":"2017-07-31T12:38:09","guid":{"rendered":"http:\/\/www.sana.sy\/tr\/?p=120703"},"modified":"2017-07-31T15:38:09","modified_gmt":"2017-07-31T12:38:09","slug":"cumhurbaskani-el-esad-tunus-isci-federasyonu-baskan-yardimcisi-buali-el-mubareki-baskanliginda-suriyeyi-ziyaret-eden-tunus-isci-federasyonundan-bir-heyeti-kabul-ediyor","status":"publish","type":"post","link":"https:\/\/archive.sana.sy\/tr\/?p=120703","title":{"rendered":"Cumhurba\u015fkan\u0131 el Esad Tunus \u0130\u015f\u00e7i Federasyonu Ba\u015fkan Yard\u0131mc\u0131s\u0131 Buali el M\u00fcbareki ba\u015fkanl\u0131\u011f\u0131nda Suriye&#8217;yi ziyaret eden Tunus \u0130\u015f\u00e7i Federasyonundan bir heyeti kabul ediyor"},"content":{"rendered":"<p>Cumhurba\u015fkan\u0131 el Esad Tunus \u0130\u015f\u00e7i Federasyonu Ba\u015fkan Yard\u0131mc\u0131s\u0131 Buali el M\u00fcbareki ba\u015fkanl\u0131\u011f\u0131nda Suriye&#8217;yi ziyaret eden Tunus \u0130\u015f\u00e7i Federasyonundan bir heyeti kabul ediyor<\/p>\n<div id='gallery-1' class='gallery galleryid-120703 gallery-columns-2 gallery-size-medium'><figure class='gallery-item'>\n\t\t\t<div class='gallery-icon landscape'>\n\t\t\t\t<a href='https:\/\/archive.sana.sy\/tr\/wp-content\/uploads\/2017\/07\/MPA6494.jpg'><img loading=\"lazy\" decoding=\"async\" width=\"300\" height=\"98\" src=\"https:\/\/archive.sana.sy\/tr\/wp-content\/uploads\/2017\/07\/MPA6494-300x98.jpg\" class=\"attachment-medium size-medium\" alt=\"\" srcset=\"https:\/\/archive.sana.sy\/tr\/wp-content\/uploads\/2017\/07\/MPA6494-300x98.jpg 300w, https:\/\/archive.sana.sy\/tr\/wp-content\/uploads\/2017\/07\/MPA6494-150x49.jpg 150w, https:\/\/archive.sana.sy\/tr\/wp-content\/uploads\/2017\/07\/MPA6494-768x250.jpg 768w, https:\/\/archive.sana.sy\/tr\/wp-content\/uploads\/2017\/07\/MPA6494-1024x333.jpg 1024w\" sizes=\"auto, (max-width: 300px) 100vw, 300px\" \/><\/a>\n\t\t\t<\/div><\/figure><figure class='gallery-item'>\n\t\t\t<div class='gallery-icon landscape'>\n\t\t\t\t<a href='https:\/\/archive.sana.sy\/tr\/wp-content\/uploads\/2017\/07\/DSC_2859.jpg'><img loading=\"lazy\" decoding=\"async\" width=\"300\" height=\"168\" src=\"https:\/\/archive.sana.sy\/tr\/wp-content\/uploads\/2017\/07\/DSC_2859-300x168.jpg\" class=\"attachment-medium size-medium\" alt=\"\" srcset=\"https:\/\/archive.sana.sy\/tr\/wp-content\/uploads\/2017\/07\/DSC_2859-300x168.jpg 300w, https:\/\/archive.sana.sy\/tr\/wp-content\/uploads\/2017\/07\/DSC_2859-150x84.jpg 150w, https:\/\/archive.sana.sy\/tr\/wp-content\/uploads\/2017\/07\/DSC_2859-768x430.jpg 768w, https:\/\/archive.sana.sy\/tr\/wp-content\/uploads\/2017\/07\/DSC_2859-1024x574.jpg 1024w\" sizes=\"auto, (max-width: 300px) 100vw, 300px\" \/><\/a>\n\t\t\t<\/div><\/figure>\n\t\t<\/div>\n\n","protected":false},"excerpt":{"rendered":"<p>Cumhurba\u015fkan\u0131 el Esad Tunus \u0130\u015f\u00e7i Federasyonu Ba\u015fkan Yard\u0131mc\u0131s\u0131 Buali el M\u00fcbareki ba\u015fkanl\u0131\u011f\u0131nda Suriye&#8217;yi ziyaret eden Tunus \u0130\u015f\u00e7i Federasyonundan bir heyeti kabul ediyor<\/p>\n","protected":false},"author":1,"featured_media":120702,"comment_status":"closed","ping_status":"closed","sticky":false,"template":"","format":"standard","meta":{"footnotes":""},"categories":[6459],"tags":[],"class_list":["post-120703","post","type-post","status-publish","format-standard","has-post-thumbnail","","category-sana-fotolarl"],"_links":{"self":[{"href":"https:\/\/archive.sana.sy\/tr\/index.php?rest_route=\/wp\/v2\/posts\/120703","targetHints":{"allow":["GET"]}}],"collection":[{"href":"https:\/\/archive.sana.sy\/tr\/index.php?rest_route=\/wp\/v2\/posts"}],"about":[{"href":"https:\/\/archive.sana.sy\/tr\/index.php?rest_route=\/wp\/v2\/types\/post"}],"author":[{"embeddable":true,"href":"https:\/\/archive.sana.sy\/tr\/index.php?rest_route=\/wp\/v2\/users\/1"}],"replies":[{"embeddable":true,"href":"https:\/\/archive.sana.sy\/tr\/index.php?rest_route=%2Fwp%2Fv2%2Fcomments&post=120703"}],"version-history":[{"count":0,"href":"https:\/\/archive.sana.sy\/tr\/index.php?rest_route=\/wp\/v2\/posts\/120703\/revisions"}],"wp:featuredmedia":[{"embeddable":true,"href":"https:\/\/archive.sana.sy\/tr\/index.php?rest_route=\/wp\/v2\/media\/120702"}],"wp:attachment":[{"href":"https:\/\/archive.sana.sy\/tr\/index.php?rest_route=%2Fwp%2Fv2%2Fmedia&parent=120703"}],"wp:term":[{"taxonomy":"category","embeddable":true,"href":"https:\/\/archive.sana.sy\/tr\/index.php?rest_route=%2Fwp%2Fv2%2Fcategories&post=120703"},{"taxonomy":"post_tag","embeddable":true,"href":"https:\/\/archive.sana.sy\/tr\/index.php?rest_route=%2Fwp%2Fv2%2Ftags&post=120703"}],"curies":[{"name":"wp","href":"https:\/\/api.w.org\/{rel}","templated":true}]}}