{"id":120706,"date":"2017-07-31T14:45:57","date_gmt":"2017-07-31T11:45:57","guid":{"rendered":"http:\/\/www.sana.sy\/tr\/?p=120706"},"modified":"2017-08-01T15:20:49","modified_gmt":"2017-08-01T12:20:49","slug":"4-altin-2-gumus-madalya-kazandi","status":"publish","type":"post","link":"https:\/\/archive.sana.sy\/tr\/?p=120706","title":{"rendered":"4 Alt\u0131n, 2 G\u00fcm\u00fc\u015f Madalya Kazand\u0131"},"content":{"rendered":"<p>ER\u0130VAN \u2013 Ermenistan\u2019da d\u00fcn faaliyetleri sona eren Uluslararas\u0131 Olimpiyatlara kat\u0131lan Suriye tak\u0131m\u0131 yine \u00fcst\u00fcn ba\u015far\u0131lara imza att\u0131.<\/p>\n<p>Suriye tak\u0131m\u0131ndan y\u00fcz\u00fcc\u00fcm\u00fcz Mirna Yezdekyan yar\u0131\u015fmalarda 4 alt\u0131n, 2 g\u00fcm\u00fc\u015f madalya kazand\u0131.<\/p>\n","protected":false},"excerpt":{"rendered":"<p>ER\u0130VAN \u2013 Ermenistan\u2019da d\u00fcn faaliyetleri sona eren Uluslararas\u0131 Olimpiyatlara kat\u0131lan Suriye tak\u0131m\u0131 yine \u00fcst\u00fcn ba\u015far\u0131lara imza att\u0131. Suriye tak\u0131m\u0131ndan y\u00fcz\u00fcc\u00fcm\u00fcz Mirna Yezdekyan yar\u0131\u015fmalarda 4 alt\u0131n, 2 g\u00fcm\u00fc\u015f madalya kazand\u0131.<\/p>\n","protected":false},"author":1,"featured_media":120707,"comment_status":"closed","ping_status":"closed","sticky":false,"template":"","format":"standard","meta":{"footnotes":""},"categories":[458,498,459,17988,496],"tags":[31547,31546,31543,24562,31545,27728,31544],"class_list":["post-120706","post","type-post","status-publish","format-standard","has-post-thumbnail","","category-dunya1","category-dunya-turnuvalari","category-haberler-arap-uluslararasi-politika","category-son-haberler","category-spor","tag-2-gumus","tag-4-altin","tag-ermenistanda","tag-madalya","tag-mirna-yezdekyan","tag-suriye-takimi","tag-uluslararasi-olimpiyatlara"],"_links":{"self":[{"href":"https:\/\/archive.sana.sy\/tr\/index.php?rest_route=\/wp\/v2\/posts\/120706","targetHints":{"allow":["GET"]}}],"collection":[{"href":"https:\/\/archive.sana.sy\/tr\/index.php?rest_route=\/wp\/v2\/posts"}],"about":[{"href":"https:\/\/archive.sana.sy\/tr\/index.php?rest_route=\/wp\/v2\/types\/post"}],"author":[{"embeddable":true,"href":"https:\/\/archive.sana.sy\/tr\/index.php?rest_route=\/wp\/v2\/users\/1"}],"replies":[{"embeddable":true,"href":"https:\/\/archive.sana.sy\/tr\/index.php?rest_route=%2Fwp%2Fv2%2Fcomments&post=120706"}],"version-history":[{"count":0,"href":"https:\/\/archive.sana.sy\/tr\/index.php?rest_route=\/wp\/v2\/posts\/120706\/revisions"}],"wp:featuredmedia":[{"embeddable":true,"href":"https:\/\/archive.sana.sy\/tr\/index.php?rest_route=\/wp\/v2\/media\/120707"}],"wp:attachment":[{"href":"https:\/\/archive.sana.sy\/tr\/index.php?rest_route=%2Fwp%2Fv2%2Fmedia&parent=120706"}],"wp:term":[{"taxonomy":"category","embeddable":true,"href":"https:\/\/archive.sana.sy\/tr\/index.php?rest_route=%2Fwp%2Fv2%2Fcategories&post=120706"},{"taxonomy":"post_tag","embeddable":true,"href":"https:\/\/archive.sana.sy\/tr\/index.php?rest_route=%2Fwp%2Fv2%2Ftags&post=120706"}],"curies":[{"name":"wp","href":"https:\/\/api.w.org\/{rel}","templated":true}]}}