{"id":120709,"date":"2017-07-31T16:03:08","date_gmt":"2017-07-31T13:03:08","guid":{"rendered":"http:\/\/www.sana.sy\/tr\/?p=120709"},"modified":"2017-08-01T15:20:43","modified_gmt":"2017-08-01T12:20:43","slug":"suriyeliler-hacdan-menetmeye-devam-ediyor","status":"publish","type":"post","link":"https:\/\/archive.sana.sy\/tr\/?p=120709","title":{"rendered":"Suriyeliler Hacdan Menetmeye Devam Ediyor"},"content":{"rendered":"<p>\u015eAM \u2013 Vak\u0131flar Bakanl\u0131\u011f\u0131 bug\u00fcn; Suudi Arabistan rejiminin din ve hac\u0131 siyasi hedeflerinde kullanma amac\u0131yla Suriyelileri bu y\u0131l da hac farz\u0131n\u0131 yerine getirmekten men etmeye devam etti\u011fini belirtti.<\/p>\n<p>Bakanl\u0131k yay\u0131nlad\u0131\u011f\u0131 b\u00fcltende; \u0130slam \u0130\u015fbirli\u011fi Te\u015fkilat\u0131 ve Suudi Arabistan&#8217;da Hac \u0130\u015fleri Bakanl\u0131\u011f\u0131na bir dizi m\u00fcracaata ra\u011fmen ne \u0130\u0130T ne de Suudi rejiminin bu ba\u015fvurular\u0131 ald\u0131rmay\u0131p Suriyelileri hac farz\u0131ndan men etmeye devam etti\u011fini kaydetti.<\/p>\n<p>Hac farz\u0131n\u0131n Suriye d\u0131\u015f\u0131nda Suriyelilere siyasi ve ticari f\u0131rsat olarak kullan\u0131ld\u0131\u011f\u0131na dikkat \u00e7eken bakanl\u0131k; Suudi rejiminin \u0130slam\u2019\u0131n en \u00f6nemli farzlar\u0131ndan biri olan hac farz\u0131n\u0131n siyasi ticaretini yapt\u0131\u011f\u0131na dikkat \u00e7ekti.<\/p>\n","protected":false},"excerpt":{"rendered":"<p>\u015eAM \u2013 Vak\u0131flar Bakanl\u0131\u011f\u0131 bug\u00fcn; Suudi Arabistan rejiminin din ve hac\u0131 siyasi hedeflerinde kullanma amac\u0131yla Suriyelileri bu y\u0131l da hac farz\u0131n\u0131 yerine getirmekten men etmeye devam etti\u011fini belirtti. Bakanl\u0131k yay\u0131nlad\u0131\u011f\u0131 b\u00fcltende; \u0130slam \u0130\u015fbirli\u011fi Te\u015fkilat\u0131 ve Suudi Arabistan&#8217;da Hac \u0130\u015fleri Bakanl\u0131\u011f\u0131na bir dizi m\u00fcracaata ra\u011fmen ne \u0130\u0130T ne de Suudi rejiminin bu ba\u015fvurular\u0131 ald\u0131rmay\u0131p Suriyelileri hac &hellip;<\/p>\n","protected":false},"author":1,"featured_media":120710,"comment_status":"closed","ping_status":"closed","sticky":false,"template":"","format":"standard","meta":{"footnotes":""},"categories":[479,17988,478],"tags":[8495,31552,31550,31548,31551,31549,2733,20907],"class_list":["post-120709","post","type-post","status-publish","format-standard","has-post-thumbnail","","category-haberler-yerel","category-son-haberler","category-yerel","tag-din","tag-hac-farzi","tag-hac-isleri-bakanligi","tag-haci-siyasi","tag-iit","tag-islam-isbirligi-teskilati","tag-suudi-arabistan","tag-vakiflar-bakanligi"],"_links":{"self":[{"href":"https:\/\/archive.sana.sy\/tr\/index.php?rest_route=\/wp\/v2\/posts\/120709","targetHints":{"allow":["GET"]}}],"collection":[{"href":"https:\/\/archive.sana.sy\/tr\/index.php?rest_route=\/wp\/v2\/posts"}],"about":[{"href":"https:\/\/archive.sana.sy\/tr\/index.php?rest_route=\/wp\/v2\/types\/post"}],"author":[{"embeddable":true,"href":"https:\/\/archive.sana.sy\/tr\/index.php?rest_route=\/wp\/v2\/users\/1"}],"replies":[{"embeddable":true,"href":"https:\/\/archive.sana.sy\/tr\/index.php?rest_route=%2Fwp%2Fv2%2Fcomments&post=120709"}],"version-history":[{"count":0,"href":"https:\/\/archive.sana.sy\/tr\/index.php?rest_route=\/wp\/v2\/posts\/120709\/revisions"}],"wp:featuredmedia":[{"embeddable":true,"href":"https:\/\/archive.sana.sy\/tr\/index.php?rest_route=\/wp\/v2\/media\/120710"}],"wp:attachment":[{"href":"https:\/\/archive.sana.sy\/tr\/index.php?rest_route=%2Fwp%2Fv2%2Fmedia&parent=120709"}],"wp:term":[{"taxonomy":"category","embeddable":true,"href":"https:\/\/archive.sana.sy\/tr\/index.php?rest_route=%2Fwp%2Fv2%2Fcategories&post=120709"},{"taxonomy":"post_tag","embeddable":true,"href":"https:\/\/archive.sana.sy\/tr\/index.php?rest_route=%2Fwp%2Fv2%2Ftags&post=120709"}],"curies":[{"name":"wp","href":"https:\/\/api.w.org\/{rel}","templated":true}]}}