{"id":120743,"date":"2017-07-31T11:49:10","date_gmt":"2017-07-31T08:49:10","guid":{"rendered":"http:\/\/www.sana.sy\/tr\/?p=120743"},"modified":"2017-08-01T12:45:47","modified_gmt":"2017-08-01T09:45:47","slug":"iside-karsi-hava-operasyonlari-yogunlastirildi","status":"publish","type":"post","link":"https:\/\/archive.sana.sy\/tr\/?p=120743","title":{"rendered":"I\u015e\u0130D\u2019e Kar\u015f\u0131 Hava Operasyonlar\u0131 Yo\u011funla\u015ft\u0131r\u0131ld\u0131"},"content":{"rendered":"<p>\u0130LLER \u2013 Hava g\u00fc\u00e7lerimizin radikal ter\u00f6ristlere kar\u015f\u0131 operasyonlar\u0131n\u0131 yo\u011funla\u015ft\u0131rmalar\u0131na e\u015f zamanl\u0131 olarak vatan koruyucular\u0131 ordu birliklerimiz muhtelif b\u00f6lgelerde bu \u00e7eteleri kay\u0131plara u\u011fratmaya ve kontrolleri alt\u0131ndaki b\u00f6lgeleri geni\u015fletmeye devam ediyorlar.<\/p>\n<p><span style=\"color: #0000ff\">DEYREZZOR:<\/span><\/p>\n<p>Askeri bir kaynak hava g\u00fc\u00e7lerimizin Deyrezzor\u2019un Serda Vadisi ve Makabir\u2019in civarlar\u0131na ilaveten Urdi, R\u00fc\u015fdiye ve Hmeydiye semtlerinde I\u015e\u0130D\u2019in karargah, siper ve ara\u00e7lar\u0131n\u0131 imha ettiklerini belirtti.<\/p>\n<p>Kaynak hava operasyonlar\u0131nda \u00f6ld\u00fcr\u00fclen ter\u00f6ristlerin aras\u0131nda yabanc\u0131 ve saha komutanlar\u0131n\u0131n bulundu\u011funu ifade etti.<\/p>\n<p>Di\u011fer yandan yerel kaynaklar ordu birliklerimizin ba\u015far\u0131lar\u0131 kar\u015f\u0131s\u0131nda I\u015e\u0130D saflar\u0131nda eleba\u015flar\u0131n ka\u00e7malar\u0131na ek olarak \u00f6rg\u00fct saflar\u0131nda tasfiye eylemlerinin devam etti\u011fini belirtti.<\/p>\n<p><span style=\"color: #0000ff\">HOMS:<\/span><\/p>\n<p>Bu arada askeri bir kaynak hava g\u00fc\u00e7lerimizin Homs \u0130linin uzak do\u011fusu Badiye B\u00f6lgesinde Homs Kentinin yakla\u015f\u0131k 70 km do\u011fusunda yer alan ve I\u015e\u0130D\u2019in en \u00f6nemli ikmal karargah\u0131 say\u0131lan Suhne Kenti ve civar\u0131na ek olarak Deyrezzor il idari s\u0131n\u0131rlar\u0131na yak\u0131n d\u00fc\u015fen Hmeyma B\u00f6lgesinde I\u015e\u0130D\u2019in karargah, ikmal hatlar\u0131 ve siperlerine kar\u015f\u0131 yo\u011fun operasyonlar d\u00fczenlediklerini aktard\u0131. Homs \u0130linin do\u011fusu Cub el Cerrah Nahiyesine tabi M\u015feyrfe Beldesinde de benzer hava operasyonlar\u0131n\u0131n d\u00fczenlendi\u011fini belirten askeri kaynak; bu operasyonlarda bir k\u0131sm\u0131 a\u011f\u0131r silahlarla donat\u0131lm\u0131\u015f bir\u00e7ok ara\u00e7la birlikte siper, karargah ve cephane depolar\u0131yla birlikte \u00e7ok say\u0131da ter\u00f6ristin \u00f6ld\u00fcr\u00fcld\u00fc\u011f\u00fcn\u00fc kaydetti.<\/p>\n<p>Kaynak radikal ter\u00f6r \u00f6rg\u00fct\u00fcn a\u011f\u0131r kay\u0131plara u\u011frat\u0131lmas\u0131 ard\u0131ndan ordu birliklerimizin Badiye B\u00f6lgesinde kontrolleri alt\u0131ndaki b\u00f6lgeleri geni\u015flettiklerine dikkat \u00e7ekti.<\/p>\n<p><span style=\"color: #0000ff\">RAKKA:<\/span><\/p>\n<p>Rakka k\u0131rsal\u0131n\u0131n g\u00fcneyinde I\u015e\u0130D\u2019e kar\u015f\u0131 operasyonlar\u0131n ba\u015far\u0131yla devam etti\u011fini ifade eden askeri bir kaynak; Rabiye Beldesinde radikal ter\u00f6r \u00e7etelerinin karargah ve siperlerinin hava g\u00fc\u00e7lerimiz taraf\u0131ndan imha edildi\u011fini s\u00f6yledi.<\/p>\n<p>Kaynak bir k\u0131sm\u0131 z\u0131rhl\u0131, bir k\u0131sm\u0131 da a\u011f\u0131r silahlarla donat\u0131lm\u0131\u015f ara\u00e7lara ek olarak komuta karargahlar\u0131 ve siper noktalar\u0131n\u0131n imha edildi\u011fi operasyonlarda aralar\u0131nda yabanc\u0131lar\u0131n bulundu\u011fu bir\u00e7ok ter\u00f6ristin \u00f6ld\u00fcr\u00fcld\u00fc\u011f\u00fcn\u00fc belirtti.<\/p>\n<p><span style=\"color: #0000ff\">HAMA:<\/span><\/p>\n<p>Bunlara e\u015f zamanl\u0131 olarak hava g\u00fc\u00e7lerimizin Hama \u0130linin Do\u011fusu Selemiye k\u0131rsal\u0131na tabi Salba, Cruh, Kleyb el Savr, Cene el Ulbavi, Uzayb Vadisi, Kuzey Dkeyle ve G\u00fcney Dkeyle b\u00f6lgelerinde I\u015e\u0130D karargahlar\u0131, siper ve toplanma yerlerini imha ettiklerini belirten askeri bir kaynak, bir k\u0131sm\u0131 z\u0131rhl\u0131, bir k\u0131sm\u0131 da a\u011f\u0131r silahlarla donat\u0131lm\u0131\u015f \u00e7ok say\u0131da ara\u00e7 ve siperle birlikte onlarca ter\u00f6ristin \u00f6l\u00fc yaral\u0131 d\u00fc\u015f\u00fcr\u00fcld\u00fc\u011f\u00fcn\u00fc aktard\u0131.<\/p>\n","protected":false},"excerpt":{"rendered":"<p>\u0130LLER \u2013 Hava g\u00fc\u00e7lerimizin radikal ter\u00f6ristlere kar\u015f\u0131 operasyonlar\u0131n\u0131 yo\u011funla\u015ft\u0131rmalar\u0131na e\u015f zamanl\u0131 olarak vatan koruyucular\u0131 ordu birliklerimiz muhtelif b\u00f6lgelerde bu \u00e7eteleri kay\u0131plara u\u011fratmaya ve kontrolleri alt\u0131ndaki b\u00f6lgeleri geni\u015fletmeye devam ediyorlar. DEYREZZOR: Askeri bir kaynak hava g\u00fc\u00e7lerimizin Deyrezzor\u2019un Serda Vadisi ve Makabir\u2019in civarlar\u0131na ilaveten Urdi, R\u00fc\u015fdiye ve Hmeydiye semtlerinde I\u015e\u0130D\u2019in karargah, siper ve ara\u00e7lar\u0131n\u0131 imha ettiklerini belirtti. &hellip;<\/p>\n","protected":false},"author":1,"featured_media":120744,"comment_status":"closed","ping_status":"closed","sticky":false,"template":"","format":"standard","meta":{"footnotes":""},"categories":[479,575,17988,478],"tags":[2196,31556,31557,18942,1293,2318,2695,30396],"class_list":["post-120743","post","type-post","status-publish","format-standard","has-post-thumbnail","","category-haberler-yerel","category-olaylar-ve-gercekler","category-son-haberler","category-yerel","tag-askeri-bir-kaynak","tag-deyrezzorun","tag-hama-ilinin-dogusu-selemiye-kirsali","tag-hava-operasyonlari","tag-homs","tag-isid","tag-ordu-birliklerimiz","tag-rakka-kirsalinin-guneyinde"],"_links":{"self":[{"href":"https:\/\/archive.sana.sy\/tr\/index.php?rest_route=\/wp\/v2\/posts\/120743","targetHints":{"allow":["GET"]}}],"collection":[{"href":"https:\/\/archive.sana.sy\/tr\/index.php?rest_route=\/wp\/v2\/posts"}],"about":[{"href":"https:\/\/archive.sana.sy\/tr\/index.php?rest_route=\/wp\/v2\/types\/post"}],"author":[{"embeddable":true,"href":"https:\/\/archive.sana.sy\/tr\/index.php?rest_route=\/wp\/v2\/users\/1"}],"replies":[{"embeddable":true,"href":"https:\/\/archive.sana.sy\/tr\/index.php?rest_route=%2Fwp%2Fv2%2Fcomments&post=120743"}],"version-history":[{"count":0,"href":"https:\/\/archive.sana.sy\/tr\/index.php?rest_route=\/wp\/v2\/posts\/120743\/revisions"}],"wp:featuredmedia":[{"embeddable":true,"href":"https:\/\/archive.sana.sy\/tr\/index.php?rest_route=\/wp\/v2\/media\/120744"}],"wp:attachment":[{"href":"https:\/\/archive.sana.sy\/tr\/index.php?rest_route=%2Fwp%2Fv2%2Fmedia&parent=120743"}],"wp:term":[{"taxonomy":"category","embeddable":true,"href":"https:\/\/archive.sana.sy\/tr\/index.php?rest_route=%2Fwp%2Fv2%2Fcategories&post=120743"},{"taxonomy":"post_tag","embeddable":true,"href":"https:\/\/archive.sana.sy\/tr\/index.php?rest_route=%2Fwp%2Fv2%2Ftags&post=120743"}],"curies":[{"name":"wp","href":"https:\/\/api.w.org\/{rel}","templated":true}]}}