{"id":12075,"date":"2014-10-01T23:27:40","date_gmt":"2014-10-01T20:27:40","guid":{"rendered":"http:\/\/www.sana.sy\/tr\/?p=12075"},"modified":"2014-10-02T09:51:44","modified_gmt":"2014-10-02T06:51:44","slug":"cocuklari-hedef-alan-teror-saldirilari-kinandi","status":"publish","type":"post","link":"https:\/\/archive.sana.sy\/tr\/?p=12075","title":{"rendered":"\u00c7ocuklar\u0131 Hedef Alan Ter\u00f6r Sald\u0131r\u0131lar\u0131 K\u0131nand\u0131"},"content":{"rendered":"<p>\u015eAM \u2013 Sosyalist Arap el Baas Partisi Homs Kentinin \u0130krima Semtinde okuldan \u00e7\u0131kan \u00e7ocuklar\u0131 hedef alarak\u00a0 onlarca \u00e7ocu\u011fun \u015fehit d\u00fc\u015fmesine yol a\u00e7an ter\u00f6r sald\u0131r\u0131s\u0131n\u0131 \u015fiddetle k\u0131nad\u0131.<\/p>\n<p>Parti bug\u00fcn yay\u0131nlad\u0131\u011f\u0131 ve bir n\u00fcshas\u0131 SANA\u2019ya ula\u015ft\u0131r\u0131lan beyanda onlarca \u00e7ocu\u011fun \u015fehit d\u00fc\u015fmesiyle sonu\u00e7lanan ve ard\u0131 ard\u0131na ger\u00e7ekle\u015ftirilen iki ter\u00f6r sald\u0131r\u0131s\u0131n\u0131n ter\u00f6r\u00fcn ger\u00e7ek y\u00fcz\u00fcn\u00fc b\u00fct\u00fcn \u00e7\u0131plakl\u0131\u011f\u0131yla yeniden g\u00fcn \u0131\u015f\u0131\u011f\u0131na \u00e7\u0131kard\u0131\u011f\u0131n\u0131n alt\u0131n\u0131 \u00e7izdi.<\/p>\n<p>M\u00fcbarek Kurban Bayram\u0131na birka\u00e7 g\u00fcn kala ger\u00e7ekle\u015fen bu ter\u00f6r sald\u0131r\u0131lar\u0131n\u0131n \u015fiddetle k\u0131nand\u0131\u011f\u0131 beyanda ayr\u0131ca, Suudi Arabistan y\u00f6netiminin, Suriye halk\u0131n\u0131n Hac ibadetini yerine getirmelerini \u00fc\u00e7 y\u0131ld\u0131r engelledi\u011fi hat\u0131rlat\u0131ld\u0131.<\/p>\n<p><span style=\"color: #0000ff\">Halaki: Ter\u00f6r Sald\u0131r\u0131lar\u0131 G\u00fcvenlik ve \u0130stikrar\u0131 B\u00fct\u00fcn Vatan Topraklar\u0131na Yeniden Getirme Israr\u0131m\u0131z\u0131 B\u00fcy\u00fctecek<\/span><\/p>\n<p>Ba\u015fbakan Vail el Halaki; paydos zilinin \u00e7almas\u0131yla evlerine da\u011f\u0131lmak i\u00e7in okuldan ayran \u00f6\u011frencileri hedef alan ter\u00f6r sald\u0131r\u0131s\u0131n\u0131 \u015fiddetle k\u0131nad\u0131.<\/p>\n<p>Halaki SANA\u2019ya verdi\u011fi deme\u00e7te; bu sald\u0131r\u0131lar\u0131n, ter\u00f6ristlerin\u00a0 vatan\u0131m\u0131za ve \u00e7ocuklar\u0131m\u0131za duyduklar\u0131 kinin yan\u0131 s\u0131ra ter\u00f6ristlerin insanl\u0131ktan ne kadar uzak olduklar\u0131n\u0131n net bir g\u00f6stergesini te\u015fkil etti\u011fini dile getirdi.<\/p>\n<p>Bug\u00fcne kadar ter\u00f6r\u00fcn kar\u015f\u0131s\u0131nda sergiledi\u011fi direni\u015fle d\u00fcnyaya bir kahramanl\u0131k ve onur dersi veren Suriye halk\u0131n\u0131n her ko\u015fulda bu direni\u015fi s\u00fcrd\u00fcrece\u011fini ifade eden Halaki; ter\u00f6r\u00fcn b\u00fct\u00fcn vah\u015fetine ra\u011fmen okullar\u0131m\u0131z\u0131n her zaman bir bilim ve e\u011fitim me\u015falesi olarak karanl\u0131\u011f\u0131 ayd\u0131nlatmaya devam edece\u011finin alt\u0131n\u0131 \u00e7izdi.<\/p>\n<p><span style=\"color: #0000ff\">\u00d6\u011fretmenler Sendikas\u0131 ve Suriye \u0130nsan Haklar\u0131 Ara\u015ft\u0131rmalar\u0131 Merkezinden K\u0131nama<\/span><\/p>\n<p>\u00d6te yandan \u00d6\u011fretmenler Sendikas\u0131 y\u00f6netim kurulu bug\u00fcn yay\u0131nlad\u0131\u011f\u0131 beyanda ter\u00f6ristlerin k\u00fc\u00e7\u00fcc\u00fck \u00e7ocuklar\u0131 ac\u0131mas\u0131zca hedef almas\u0131n\u0131 \u015fiddetle k\u0131nad\u0131.<\/p>\n<p>Suriye \u0130nsan Haklar\u0131 Ara\u015ft\u0131rmalar\u0131 ve \u0130sti\u015fare Merkezi de yay\u0131nlad\u0131\u011f\u0131 beyanda \u00e7ocuklar\u0131n hedef al\u0131nd\u0131\u011f\u0131 ter\u00f6r sald\u0131r\u0131lar\u0131n\u0131 insanl\u0131k d\u0131\u015f\u0131 olarak nitelendirdi.<\/p>\n<p>Ter\u00f6ristlerin kirli ellerinin \u00e7ocuklara ilk defa uzanmad\u0131\u011f\u0131n\u0131n hat\u0131rlat\u0131ld\u0131\u011f\u0131 beyana; vatan topraklar\u0131n\u0131n gelece\u011fini kirletmeye \u00e7al\u0131\u015fan ter\u00f6ristlerin, \u00e7ocuklar\u0131m\u0131z\u0131n y\u00fczlerindeki tebess\u00fcm\u00fc silerek ama\u00e7lar\u0131na ula\u015famayacaklar\u0131n\u0131n alt\u0131 \u00e7izildi.<\/p>\n","protected":false},"excerpt":{"rendered":"<p>\u015eAM \u2013 Sosyalist Arap el Baas Partisi Homs Kentinin \u0130krima Semtinde okuldan \u00e7\u0131kan \u00e7ocuklar\u0131 hedef alarak\u00a0 onlarca \u00e7ocu\u011fun \u015fehit d\u00fc\u015fmesine yol a\u00e7an ter\u00f6r sald\u0131r\u0131s\u0131n\u0131 \u015fiddetle k\u0131nad\u0131. Parti bug\u00fcn yay\u0131nlad\u0131\u011f\u0131 ve bir n\u00fcshas\u0131 SANA\u2019ya ula\u015ft\u0131r\u0131lan beyanda onlarca \u00e7ocu\u011fun \u015fehit d\u00fc\u015fmesiyle sonu\u00e7lanan ve ard\u0131 ard\u0131na ger\u00e7ekle\u015ftirilen iki ter\u00f6r sald\u0131r\u0131s\u0131n\u0131n ter\u00f6r\u00fcn ger\u00e7ek y\u00fcz\u00fcn\u00fc b\u00fct\u00fcn \u00e7\u0131plakl\u0131\u011f\u0131yla yeniden g\u00fcn \u0131\u015f\u0131\u011f\u0131na &hellip;<\/p>\n","protected":false},"author":1,"featured_media":12076,"comment_status":"closed","ping_status":"closed","sticky":false,"template":"","format":"standard","meta":{"footnotes":""},"categories":[479,575,478],"tags":[2972],"class_list":["post-12075","post","type-post","status-publish","format-standard","has-post-thumbnail","","category-haberler-yerel","category-olaylar-ve-gercekler","category-yerel","tag-cocuklari-hedef-alan-teror-saldirilari-kinandi"],"_links":{"self":[{"href":"https:\/\/archive.sana.sy\/tr\/index.php?rest_route=\/wp\/v2\/posts\/12075","targetHints":{"allow":["GET"]}}],"collection":[{"href":"https:\/\/archive.sana.sy\/tr\/index.php?rest_route=\/wp\/v2\/posts"}],"about":[{"href":"https:\/\/archive.sana.sy\/tr\/index.php?rest_route=\/wp\/v2\/types\/post"}],"author":[{"embeddable":true,"href":"https:\/\/archive.sana.sy\/tr\/index.php?rest_route=\/wp\/v2\/users\/1"}],"replies":[{"embeddable":true,"href":"https:\/\/archive.sana.sy\/tr\/index.php?rest_route=%2Fwp%2Fv2%2Fcomments&post=12075"}],"version-history":[{"count":0,"href":"https:\/\/archive.sana.sy\/tr\/index.php?rest_route=\/wp\/v2\/posts\/12075\/revisions"}],"wp:featuredmedia":[{"embeddable":true,"href":"https:\/\/archive.sana.sy\/tr\/index.php?rest_route=\/wp\/v2\/media\/12076"}],"wp:attachment":[{"href":"https:\/\/archive.sana.sy\/tr\/index.php?rest_route=%2Fwp%2Fv2%2Fmedia&parent=12075"}],"wp:term":[{"taxonomy":"category","embeddable":true,"href":"https:\/\/archive.sana.sy\/tr\/index.php?rest_route=%2Fwp%2Fv2%2Fcategories&post=12075"},{"taxonomy":"post_tag","embeddable":true,"href":"https:\/\/archive.sana.sy\/tr\/index.php?rest_route=%2Fwp%2Fv2%2Ftags&post=12075"}],"curies":[{"name":"wp","href":"https:\/\/api.w.org\/{rel}","templated":true}]}}