{"id":12085,"date":"2014-10-02T09:07:39","date_gmt":"2014-10-02T06:07:39","guid":{"rendered":"http:\/\/www.sana.sy\/tr\/?p=12085"},"modified":"2014-10-02T09:12:22","modified_gmt":"2014-10-02T06:12:22","slug":"birlesmis-milletler-genel-sekretersi-ban-ki-moon-homsun-ikrime-semtinde-dun-okuldan-cikislari-esnasinda-cocuklari-hedef-alan-ve-onlarca-sehit-ve-yaralinin-dustugu-iki-teror-saldirisini-en-se","status":"publish","type":"post","link":"https:\/\/archive.sana.sy\/tr\/?p=12085","title":{"rendered":"Birle\u015fmi\u015f Milletler Genel Sekreteri Ban Ki-moon, Homs\u2019un \u0130krime Semtinde d\u00fcn okuldan \u00e7\u0131k\u0131\u015flar\u0131 esnas\u0131nda \u00e7ocuklar\u0131 hedef alan ve onlarca \u015fehit ve yaral\u0131n\u0131n d\u00fc\u015ft\u00fc\u011f\u00fc iki ter\u00f6r sald\u0131r\u0131s\u0131n\u0131 en sert ibarelerle k\u0131nad\u0131."},"content":{"rendered":"<p>Birle\u015fmi\u015f Milletler Genel Sekreteri Ban Ki-moon, Homs\u2019un \u0130krime Semtinde d\u00fcn okuldan \u00e7\u0131k\u0131\u015flar\u0131 esnas\u0131nda \u00e7ocuklar\u0131 hedef alan ve onlarca \u015fehit ve yaral\u0131n\u0131n d\u00fc\u015ft\u00fc\u011f\u00fc iki ter\u00f6r sald\u0131r\u0131s\u0131n\u0131 en sert ibarelerle k\u0131nad\u0131.<\/p>\n","protected":false},"excerpt":{"rendered":"<p>Birle\u015fmi\u015f Milletler Genel Sekreteri Ban Ki-moon, Homs\u2019un \u0130krime Semtinde d\u00fcn okuldan \u00e7\u0131k\u0131\u015flar\u0131 esnas\u0131nda \u00e7ocuklar\u0131 hedef alan ve onlarca \u015fehit ve yaral\u0131n\u0131n d\u00fc\u015ft\u00fc\u011f\u00fc iki ter\u00f6r sald\u0131r\u0131s\u0131n\u0131 en sert ibarelerle k\u0131nad\u0131.<\/p>\n","protected":false},"author":1,"featured_media":0,"comment_status":"closed","ping_status":"closed","sticky":false,"template":"","format":"standard","meta":{"footnotes":""},"categories":[1],"tags":[2976,2978,2977],"class_list":["post-12085","post","type-post","status-publish","format-standard","","category-news-not-sorted","tag-bm-genel-sekreteri-ban-ki-moon","tag-siddetle-kinadi","tag-teror-saldirisini"],"_links":{"self":[{"href":"https:\/\/archive.sana.sy\/tr\/index.php?rest_route=\/wp\/v2\/posts\/12085","targetHints":{"allow":["GET"]}}],"collection":[{"href":"https:\/\/archive.sana.sy\/tr\/index.php?rest_route=\/wp\/v2\/posts"}],"about":[{"href":"https:\/\/archive.sana.sy\/tr\/index.php?rest_route=\/wp\/v2\/types\/post"}],"author":[{"embeddable":true,"href":"https:\/\/archive.sana.sy\/tr\/index.php?rest_route=\/wp\/v2\/users\/1"}],"replies":[{"embeddable":true,"href":"https:\/\/archive.sana.sy\/tr\/index.php?rest_route=%2Fwp%2Fv2%2Fcomments&post=12085"}],"version-history":[{"count":0,"href":"https:\/\/archive.sana.sy\/tr\/index.php?rest_route=\/wp\/v2\/posts\/12085\/revisions"}],"wp:attachment":[{"href":"https:\/\/archive.sana.sy\/tr\/index.php?rest_route=%2Fwp%2Fv2%2Fmedia&parent=12085"}],"wp:term":[{"taxonomy":"category","embeddable":true,"href":"https:\/\/archive.sana.sy\/tr\/index.php?rest_route=%2Fwp%2Fv2%2Fcategories&post=12085"},{"taxonomy":"post_tag","embeddable":true,"href":"https:\/\/archive.sana.sy\/tr\/index.php?rest_route=%2Fwp%2Fv2%2Ftags&post=12085"}],"curies":[{"name":"wp","href":"https:\/\/api.w.org\/{rel}","templated":true}]}}