{"id":120928,"date":"2017-08-02T15:17:27","date_gmt":"2017-08-02T12:17:27","guid":{"rendered":"http:\/\/www.sana.sy\/tr\/?p=120928"},"modified":"2017-08-02T15:26:02","modified_gmt":"2017-08-02T12:26:02","slug":"askeri-kaynak-oldurulen-yabanci-teror-elebaslari-arasinda-meidan-bolgesi-hisbe-emiri-tunuslu-ebu-ishak-libyali-ebu-sekkam-fasli-sufyan-abdurrauf","status":"publish","type":"post","link":"https:\/\/archive.sana.sy\/tr\/?p=120928","title":{"rendered":"Askeri kaynak \u00f6ld\u00fcr\u00fclen yabanc\u0131 ter\u00f6r eleba\u015flar\u0131 aras\u0131nda \u2018Meidan B\u00f6lgesi Hisbe Emiri\u2019 Tunuslu \u2018Ebu \u0130shak\u2019, Libyal\u0131 \u2018Ebu Sekkam\u2019, Fasl\u0131 S\u00fcfyan Abd\u00fcrrauf, Suudili Abdullah Abd\u00fclmelik Sarir, \u00c7e\u00e7enistanl\u0131 Rekan Nuri ve daha ba\u015fka eleba\u015flar\u0131n kimliklerinin tespit edildi\u011fini a\u00e7\u0131klad\u0131."},"content":{"rendered":"<p>Askeri kaynak \u00f6ld\u00fcr\u00fclen yabanc\u0131 ter\u00f6r eleba\u015flar\u0131 aras\u0131nda \u2018Meidan B\u00f6lgesi Hisbe Emiri\u2019 Tunuslu \u2018Ebu \u0130shak\u2019, Libyal\u0131 \u2018Ebu Sekkam\u2019, Fasl\u0131 S\u00fcfyan Abd\u00fcrrauf, Suudili Abdullah Abd\u00fclmelik Sarir, \u00c7e\u00e7enistanl\u0131 Rekan Nuri ve daha ba\u015fka eleba\u015flar\u0131n kimliklerinin tespit edildi\u011fini a\u00e7\u0131klad\u0131.<\/p>\n","protected":false},"excerpt":{"rendered":"<p>Askeri kaynak \u00f6ld\u00fcr\u00fclen yabanc\u0131 ter\u00f6r eleba\u015flar\u0131 aras\u0131nda \u2018Meidan B\u00f6lgesi Hisbe Emiri\u2019 Tunuslu \u2018Ebu \u0130shak\u2019, Libyal\u0131 \u2018Ebu Sekkam\u2019, Fasl\u0131 S\u00fcfyan Abd\u00fcrrauf, Suudili Abdullah Abd\u00fclmelik Sarir, \u00c7e\u00e7enistanl\u0131 Rekan Nuri ve daha ba\u015fka eleba\u015flar\u0131n kimliklerinin tespit edildi\u011fini a\u00e7\u0131klad\u0131.<\/p>\n","protected":false},"author":1,"featured_media":0,"comment_status":"closed","ping_status":"closed","sticky":false,"template":"","format":"standard","meta":{"footnotes":""},"categories":[17991],"tags":[],"class_list":["post-120928","post","type-post","status-publish","format-standard","","category-son-dakika"],"_links":{"self":[{"href":"https:\/\/archive.sana.sy\/tr\/index.php?rest_route=\/wp\/v2\/posts\/120928","targetHints":{"allow":["GET"]}}],"collection":[{"href":"https:\/\/archive.sana.sy\/tr\/index.php?rest_route=\/wp\/v2\/posts"}],"about":[{"href":"https:\/\/archive.sana.sy\/tr\/index.php?rest_route=\/wp\/v2\/types\/post"}],"author":[{"embeddable":true,"href":"https:\/\/archive.sana.sy\/tr\/index.php?rest_route=\/wp\/v2\/users\/1"}],"replies":[{"embeddable":true,"href":"https:\/\/archive.sana.sy\/tr\/index.php?rest_route=%2Fwp%2Fv2%2Fcomments&post=120928"}],"version-history":[{"count":0,"href":"https:\/\/archive.sana.sy\/tr\/index.php?rest_route=\/wp\/v2\/posts\/120928\/revisions"}],"wp:attachment":[{"href":"https:\/\/archive.sana.sy\/tr\/index.php?rest_route=%2Fwp%2Fv2%2Fmedia&parent=120928"}],"wp:term":[{"taxonomy":"category","embeddable":true,"href":"https:\/\/archive.sana.sy\/tr\/index.php?rest_route=%2Fwp%2Fv2%2Fcategories&post=120928"},{"taxonomy":"post_tag","embeddable":true,"href":"https:\/\/archive.sana.sy\/tr\/index.php?rest_route=%2Fwp%2Fv2%2Ftags&post=120928"}],"curies":[{"name":"wp","href":"https:\/\/api.w.org\/{rel}","templated":true}]}}