{"id":121078,"date":"2017-08-04T11:30:55","date_gmt":"2017-08-04T08:30:55","guid":{"rendered":"http:\/\/www.sana.sy\/tr\/?p=121078"},"modified":"2017-08-05T15:39:23","modified_gmt":"2017-08-05T12:39:23","slug":"abd-yeni-bolgelerin-kurulmasini-destekliyor","status":"publish","type":"post","link":"https:\/\/archive.sana.sy\/tr\/?p=121078","title":{"rendered":"ABD Yeni B\u00f6lgelerin Kurulmas\u0131n\u0131 Destekliyor"},"content":{"rendered":"<p>WASH\u0130NGTON \u2013 ABD D\u0131\u015fi\u015fleri Bakanl\u0131\u011f\u0131, Washington idaresinin Suriye&#8217;de yeni gerilimi azaltma b\u00f6lgelerinin kurulmas\u0131n\u0131 destekledi\u011fini ilan etti.<\/p>\n<p>ABD D\u0131\u015fi\u015fleri Bakanl\u0131\u011f\u0131nda \u00fcst d\u00fczey bir yetkili Tass Haber Ajans\u0131n\u0131n aktard\u0131\u011f\u0131 a\u00e7\u0131klamalar\u0131nda; \u201cABD\u2019nin Suriye&#8217;de gerilimi azaltma b\u00f6lgeleri s\u00fcrecinin bir par\u00e7as\u0131 olmamas\u0131na ra\u011fmen bu y\u00f6ndeki \u00e7abalar\u0131 ve yeni b\u00f6lgelerin kurulmas\u0131n\u0131 destekledi\u011fini\u201d \u00f6ne s\u00fcrd\u00fc.<\/p>\n","protected":false},"excerpt":{"rendered":"<p>WASH\u0130NGTON \u2013 ABD D\u0131\u015fi\u015fleri Bakanl\u0131\u011f\u0131, Washington idaresinin Suriye&#8217;de yeni gerilimi azaltma b\u00f6lgelerinin kurulmas\u0131n\u0131 destekledi\u011fini ilan etti. ABD D\u0131\u015fi\u015fleri Bakanl\u0131\u011f\u0131nda \u00fcst d\u00fczey bir yetkili Tass Haber Ajans\u0131n\u0131n aktard\u0131\u011f\u0131 a\u00e7\u0131klamalar\u0131nda; \u201cABD\u2019nin Suriye&#8217;de gerilimi azaltma b\u00f6lgeleri s\u00fcrecinin bir par\u00e7as\u0131 olmamas\u0131na ra\u011fmen bu y\u00f6ndeki \u00e7abalar\u0131 ve yeni b\u00f6lgelerin kurulmas\u0131n\u0131 destekledi\u011fini\u201d \u00f6ne s\u00fcrd\u00fc.<\/p>\n","protected":false},"author":1,"featured_media":121079,"comment_status":"closed","ping_status":"closed","sticky":false,"template":"","format":"standard","meta":{"footnotes":""},"categories":[458,459,17988],"tags":[19601,16591,31629,31628,31626,31627],"class_list":["post-121078","post","type-post","status-publish","format-standard","has-post-thumbnail","","category-dunya1","category-haberler-arap-uluslararasi-politika","category-son-haberler","tag-abd-disisleri-bakanligi","tag-suriye","tag-tass-haber-ajansi","tag-ust-duzey-bir-yetkili","tag-washington-idaresinin","tag-yeni-gerilimi"],"_links":{"self":[{"href":"https:\/\/archive.sana.sy\/tr\/index.php?rest_route=\/wp\/v2\/posts\/121078","targetHints":{"allow":["GET"]}}],"collection":[{"href":"https:\/\/archive.sana.sy\/tr\/index.php?rest_route=\/wp\/v2\/posts"}],"about":[{"href":"https:\/\/archive.sana.sy\/tr\/index.php?rest_route=\/wp\/v2\/types\/post"}],"author":[{"embeddable":true,"href":"https:\/\/archive.sana.sy\/tr\/index.php?rest_route=\/wp\/v2\/users\/1"}],"replies":[{"embeddable":true,"href":"https:\/\/archive.sana.sy\/tr\/index.php?rest_route=%2Fwp%2Fv2%2Fcomments&post=121078"}],"version-history":[{"count":0,"href":"https:\/\/archive.sana.sy\/tr\/index.php?rest_route=\/wp\/v2\/posts\/121078\/revisions"}],"wp:featuredmedia":[{"embeddable":true,"href":"https:\/\/archive.sana.sy\/tr\/index.php?rest_route=\/wp\/v2\/media\/121079"}],"wp:attachment":[{"href":"https:\/\/archive.sana.sy\/tr\/index.php?rest_route=%2Fwp%2Fv2%2Fmedia&parent=121078"}],"wp:term":[{"taxonomy":"category","embeddable":true,"href":"https:\/\/archive.sana.sy\/tr\/index.php?rest_route=%2Fwp%2Fv2%2Fcategories&post=121078"},{"taxonomy":"post_tag","embeddable":true,"href":"https:\/\/archive.sana.sy\/tr\/index.php?rest_route=%2Fwp%2Fv2%2Ftags&post=121078"}],"curies":[{"name":"wp","href":"https:\/\/api.w.org\/{rel}","templated":true}]}}