{"id":121080,"date":"2017-08-04T11:25:32","date_gmt":"2017-08-04T08:25:32","guid":{"rendered":"http:\/\/www.sana.sy\/tr\/?p=121080"},"modified":"2017-08-05T15:30:49","modified_gmt":"2017-08-05T12:30:49","slug":"madalya-kazanmasa-da-en-iyi-guresci-odulunu-aldi","status":"publish","type":"post","link":"https:\/\/archive.sana.sy\/tr\/?p=121080","title":{"rendered":"Madalya Kazanmasa da En \u0130yi G\u00fcre\u015f\u00e7i \u00d6d\u00fcl\u00fcn\u00fc Ald\u0131"},"content":{"rendered":"<p>\u015eAM \u2013 Uluslararas\u0131 G\u00fcre\u015f Federasyonu Tayland\u2019da d\u00fczenlenen uluslar aras\u0131 g\u00fcre\u015f e\u011fitim kamp\u0131nda Suriyeli g\u00fcre\u015f\u00e7i \u00d6mer Sar\u0131m\u2019\u0131 en iyi g\u00fcre\u015f\u00e7i unvan\u0131yla \u00f6d\u00fcllendirdi.<\/p>\n<p>Asya Gen\u00e7 G\u00fcre\u015f\u00e7iler \u015eampiyonas\u0131 kapsam\u0131nda d\u00fczenlenen kampa Suriyeli 3 g\u00fcre\u015f\u00e7i kat\u0131l\u0131\u015f, g\u00fcre\u015f\u00e7ilerimiz yar\u0131\u015fmalarda herhangi bir madalya kazanma hakk\u0131 elde edememi\u015flerdi.<\/p>\n","protected":false},"excerpt":{"rendered":"<p>\u015eAM \u2013 Uluslararas\u0131 G\u00fcre\u015f Federasyonu Tayland\u2019da d\u00fczenlenen uluslar aras\u0131 g\u00fcre\u015f e\u011fitim kamp\u0131nda Suriyeli g\u00fcre\u015f\u00e7i \u00d6mer Sar\u0131m\u2019\u0131 en iyi g\u00fcre\u015f\u00e7i unvan\u0131yla \u00f6d\u00fcllendirdi. Asya Gen\u00e7 G\u00fcre\u015f\u00e7iler \u015eampiyonas\u0131 kapsam\u0131nda d\u00fczenlenen kampa Suriyeli 3 g\u00fcre\u015f\u00e7i kat\u0131l\u0131\u015f, g\u00fcre\u015f\u00e7ilerimiz yar\u0131\u015fmalarda herhangi bir madalya kazanma hakk\u0131 elde edememi\u015flerdi.<\/p>\n","protected":false},"author":1,"featured_media":121083,"comment_status":"closed","ping_status":"closed","sticky":false,"template":"","format":"standard","meta":{"footnotes":""},"categories":[498,479,17988,496,478],"tags":[31632,31631,7131,30625,31630],"class_list":["post-121080","post","type-post","status-publish","format-standard","has-post-thumbnail","","category-dunya-turnuvalari","category-haberler-yerel","category-son-haberler","category-spor","category-yerel","tag-iyi-guresci-unvaniyla-odullendi","tag-suriyeli-guresci-omer-sarim","tag-tayland","tag-uluslar-arasi","tag-uluslararasi-gures-federasyonu"],"_links":{"self":[{"href":"https:\/\/archive.sana.sy\/tr\/index.php?rest_route=\/wp\/v2\/posts\/121080","targetHints":{"allow":["GET"]}}],"collection":[{"href":"https:\/\/archive.sana.sy\/tr\/index.php?rest_route=\/wp\/v2\/posts"}],"about":[{"href":"https:\/\/archive.sana.sy\/tr\/index.php?rest_route=\/wp\/v2\/types\/post"}],"author":[{"embeddable":true,"href":"https:\/\/archive.sana.sy\/tr\/index.php?rest_route=\/wp\/v2\/users\/1"}],"replies":[{"embeddable":true,"href":"https:\/\/archive.sana.sy\/tr\/index.php?rest_route=%2Fwp%2Fv2%2Fcomments&post=121080"}],"version-history":[{"count":0,"href":"https:\/\/archive.sana.sy\/tr\/index.php?rest_route=\/wp\/v2\/posts\/121080\/revisions"}],"wp:featuredmedia":[{"embeddable":true,"href":"https:\/\/archive.sana.sy\/tr\/index.php?rest_route=\/wp\/v2\/media\/121083"}],"wp:attachment":[{"href":"https:\/\/archive.sana.sy\/tr\/index.php?rest_route=%2Fwp%2Fv2%2Fmedia&parent=121080"}],"wp:term":[{"taxonomy":"category","embeddable":true,"href":"https:\/\/archive.sana.sy\/tr\/index.php?rest_route=%2Fwp%2Fv2%2Fcategories&post=121080"},{"taxonomy":"post_tag","embeddable":true,"href":"https:\/\/archive.sana.sy\/tr\/index.php?rest_route=%2Fwp%2Fv2%2Ftags&post=121080"}],"curies":[{"name":"wp","href":"https:\/\/api.w.org\/{rel}","templated":true}]}}