{"id":121114,"date":"2017-08-05T16:00:15","date_gmt":"2017-08-05T13:00:15","guid":{"rendered":"http:\/\/www.sana.sy\/tr\/?p=121114"},"modified":"2017-08-06T14:51:24","modified_gmt":"2017-08-06T11:51:24","slug":"rakkada-yakilmis-topraklar-siyaseti-izliyorlar","status":"publish","type":"post","link":"https:\/\/archive.sana.sy\/tr\/?p=121114","title":{"rendered":"Rakka\u2019da \u201cYak\u0131lm\u0131\u015f Topraklar\u201d Siyaseti \u0130zliyorlar (video)"},"content":{"rendered":"<p>RAKKA \u2013 K\u0131z\u0131lay \u00d6rg\u00fct\u00fc Rakka \u0130l \u015eube M\u00fcd\u00fcr Yard\u0131mc\u0131s\u0131 Dina el As\u2019ad; ABD komutas\u0131ndaki koalisyon u\u00e7aklar\u0131n\u0131n Per\u015fembe gecesi Rakka Kentindeki Ulusal Hastane binas\u0131n\u0131 fosfor bombalar\u0131yla bombalad\u0131klar\u0131n\u0131 belirtti.<\/p>\n<p>Rakka\u2019da ikamet eden As\u2019ad; ABD koalisyonunun hastaneyi fosfor f\u00fczeleriyle bombalamas\u0131n\u0131n yan\u0131 s\u0131ra hastane jenerat\u00f6r \u00fcnitesinin yan\u0131 s\u0131ra hastaneye ait ara\u00e7lar ve dahili b\u00f6l\u00fcmleri 20\u2019den fazla f\u00fczeyle imha ettiklerini kaydetti. Hastanenin Rakka kentinde 100 binden fazla vatanda\u015fa hizmet verdi\u011fine dikkat \u00e7eken As\u2019ad; I\u015e\u0130D\u2019in kendine has hastane ve sa\u011fl\u0131k merkezleri olmas\u0131yla bombalanan hastanede hi\u00e7bir varl\u0131\u011f\u0131n\u0131n olmad\u0131\u011f\u0131n\u0131 vurgulad\u0131.<\/p>\n<p>Rakka Kentinin ya\u015fad\u0131klar\u0131n\u0131n ter\u00f6rden kurtar\u0131lma olarak nitelendirilmesinin imkans\u0131z oldu\u011funu belirten As\u2019ad; kentte yerle bir edilmeyen okul, f\u0131r\u0131n, sa\u011fl\u0131k merkezi hastane, mescit ya da caminin kalmad\u0131\u011f\u0131na dikkat \u00e7ekti. As\u2019ad; F\u0131rat Nehri \u00fczerinden Rakka Kentini besleyen su hatt\u0131n\u0131n kesilmesi ard\u0131ndan vatanda\u015flar\u0131n su ihtiyac\u0131n\u0131 kar\u015f\u0131layan su kuyular\u0131n\u0131n da imha edildi\u011fini belirtirken, 100 binden fazla vatanda\u015fa ekmek temin eden sadece iki f\u0131r\u0131n kald\u0131\u011f\u0131n\u0131 a\u00e7\u0131klad\u0131.<\/p>\n<p>As\u2019ad; t\u00fcm bunlar\u0131n Rakka Kentinin I\u015e\u0130D\u2019ten kurtar\u0131ld\u0131\u011f\u0131 ya da bir k\u0131s\u0131m taraflar\u0131n insani durumlara \u00f6nem verdi\u011fi iddialar\u0131n\u0131n asl\u0131 ger\u00e7e\u011fi olmad\u0131\u011f\u0131na a\u00e7\u0131k bir kan\u0131t oldu\u011funun alt\u0131n\u0131 \u00e7izdi.<\/p>\n<p>K\u0131z\u0131lay \u00d6rg\u00fct\u00fcn\u00fcn Rakka \u0130l \u015eube Ba\u015fkan\u0131 Fevvaz el Assaf ise ABD koalisyonu ve onun komuta ve deste\u011finde faaliyet g\u00f6steren Suriye Demokratik G\u00fc\u00e7leri SDG\u2019nin Rakka\u2019da kelimenin tam anlam\u0131yla \u2018yerle bir edilmi\u015f yan\u0131k toprak\u2019 siyaseti izlediklerini belirtti.<\/p>\n<p>Assaf koalisyon g\u00fc\u00e7leri ve SDG\u2019nin Rakka\u2019da en b\u00fcy\u00fck ekonomi kurumu say\u0131lan \u015feker fabrikas\u0131 dahil her \u015feyi bombalay\u0131p yerle bir etti\u011finin alt\u0131n\u0131 \u00e7izdi. I\u015e\u0130D\u2019in Rakka\u2019da y\u0131llard\u0131r bulunmas\u0131na ra\u011fmen ABD koalisyonu ve SDG\u2019nin hizmet kurumlar\u0131 ve vatanda\u015flar\u0131n m\u00fclklerine bu denli zarar vermedi\u011fine i\u015faret eden Assaf; f\u0131r\u0131n, mescit, okul, hastane, bankalar ve her \u015feyden yoksun hale gelen \u00e7ar\u015f\u0131 pazarlar\u0131 bile bombalad\u0131klar\u0131n\u0131 ifade etti.<\/p>\n<p>https:\/\/www.youtube.com\/watch?time_continue=107&#038;v=5wf2R8ytKnA<\/p>\n","protected":false},"excerpt":{"rendered":"<p>RAKKA \u2013 K\u0131z\u0131lay \u00d6rg\u00fct\u00fc Rakka \u0130l \u015eube M\u00fcd\u00fcr Yard\u0131mc\u0131s\u0131 Dina el As\u2019ad; ABD komutas\u0131ndaki koalisyon u\u00e7aklar\u0131n\u0131n Per\u015fembe gecesi Rakka Kentindeki Ulusal Hastane binas\u0131n\u0131 fosfor bombalar\u0131yla bombalad\u0131klar\u0131n\u0131 belirtti. Rakka\u2019da ikamet eden As\u2019ad; ABD koalisyonunun hastaneyi fosfor f\u00fczeleriyle bombalamas\u0131n\u0131n yan\u0131 s\u0131ra hastane jenerat\u00f6r \u00fcnitesinin yan\u0131 s\u0131ra hastaneye ait ara\u00e7lar ve dahili b\u00f6l\u00fcmleri 20\u2019den fazla f\u00fczeyle imha ettiklerini &hellip;<\/p>\n","protected":false},"author":1,"featured_media":121118,"comment_status":"closed","ping_status":"closed","sticky":false,"template":"","format":"standard","meta":{"footnotes":""},"categories":[479,575,17988,478],"tags":[19160,31664,31666,31667,2318,18671,18631,2493,31665,16591,13043,22181,2517],"class_list":["post-121114","post","type-post","status-publish","format-standard","has-post-thumbnail","","category-haberler-yerel","category-olaylar-ve-gercekler","category-son-haberler","category-yerel","tag-abd-koalisyonu","tag-demokratik-suriye-gucleri","tag-fosfor-bombalari","tag-hastaneyi-bombaladi","tag-isid","tag-kizilay-orgutu","tag-koalisyon-ucaklari","tag-rakka","tag-sdg","tag-suriye","tag-suriye-halki","tag-suriyeliler","tag-uluslararasi-koalisyon"],"_links":{"self":[{"href":"https:\/\/archive.sana.sy\/tr\/index.php?rest_route=\/wp\/v2\/posts\/121114","targetHints":{"allow":["GET"]}}],"collection":[{"href":"https:\/\/archive.sana.sy\/tr\/index.php?rest_route=\/wp\/v2\/posts"}],"about":[{"href":"https:\/\/archive.sana.sy\/tr\/index.php?rest_route=\/wp\/v2\/types\/post"}],"author":[{"embeddable":true,"href":"https:\/\/archive.sana.sy\/tr\/index.php?rest_route=\/wp\/v2\/users\/1"}],"replies":[{"embeddable":true,"href":"https:\/\/archive.sana.sy\/tr\/index.php?rest_route=%2Fwp%2Fv2%2Fcomments&post=121114"}],"version-history":[{"count":0,"href":"https:\/\/archive.sana.sy\/tr\/index.php?rest_route=\/wp\/v2\/posts\/121114\/revisions"}],"wp:featuredmedia":[{"embeddable":true,"href":"https:\/\/archive.sana.sy\/tr\/index.php?rest_route=\/wp\/v2\/media\/121118"}],"wp:attachment":[{"href":"https:\/\/archive.sana.sy\/tr\/index.php?rest_route=%2Fwp%2Fv2%2Fmedia&parent=121114"}],"wp:term":[{"taxonomy":"category","embeddable":true,"href":"https:\/\/archive.sana.sy\/tr\/index.php?rest_route=%2Fwp%2Fv2%2Fcategories&post=121114"},{"taxonomy":"post_tag","embeddable":true,"href":"https:\/\/archive.sana.sy\/tr\/index.php?rest_route=%2Fwp%2Fv2%2Ftags&post=121114"}],"curies":[{"name":"wp","href":"https:\/\/api.w.org\/{rel}","templated":true}]}}