{"id":121120,"date":"2017-08-05T13:28:49","date_gmt":"2017-08-05T10:28:49","guid":{"rendered":"http:\/\/www.sana.sy\/tr\/?p=121120"},"modified":"2017-08-06T14:51:28","modified_gmt":"2017-08-06T11:51:28","slug":"edebiyatcilar-teror-orgutlerin-suclarini-belgeledi","status":"publish","type":"post","link":"https:\/\/archive.sana.sy\/tr\/?p=121120","title":{"rendered":"Edebiyat\u00e7\u0131lar Ter\u00f6r \u00d6rg\u00fctlerin Su\u00e7lar\u0131n\u0131 Belgeledi"},"content":{"rendered":"<p>\u015eAM \u2013 Arap Yazarlar Birli\u011finin \u015eam\u2019daki Esad K\u00fct\u00fcphanesinde d\u00fczenledi\u011fi Kitap Fuar\u0131n\u0131n faaliyetleri kapsam\u0131nda edebiyat\u00e7\u0131lar Suriyeli edebiyat\u00e7\u0131 ve ayd\u0131nlar\u0131n ter\u00f6r \u00f6rg\u00fctleri taraf\u0131ndan maruz kald\u0131klar\u0131 sald\u0131r\u0131 ve ya\u015fad\u0131klar\u0131 ac\u0131lara \u0131\u015f\u0131k tutan etkinlikler d\u00fczenliyor.<\/p>\n<p>Faaliyetlerde ter\u00f6r \u00f6rg\u00fctlerin su\u00e7lar\u0131 belgelenirken, ter\u00f6re kar\u015f\u0131 m\u00fccadelede k\u00fclt\u00fcr\u00fcn \u00f6nemine vurgu yap\u0131ld\u0131. I\u015e\u0130D, Nusra Cephesi ve daha ba\u015fka isimler alt\u0131nda faaliyet g\u00f6steren ter\u00f6ristlerin \u00e7ok say\u0131da edebiyat\u00e7\u0131 ve ayd\u0131n\u0131n evine sald\u0131rd\u0131\u011f\u0131na dikkat \u00e7ekilen etkinliklerde, bu sald\u0131r\u0131larda bir\u00e7ok edebiyat\u00e7\u0131n\u0131n \u015fehit ve yaral\u0131 d\u00fc\u015ft\u00fcklerini, evleri yak\u0131l\u0131p ailelerine zarar verildi\u011fini kaydetti.<\/p>\n<p>Belli ba\u015fl\u0131 devletlerin rejimlerine hizmet eden ve \u2018\u0131l\u0131ml\u0131 muhalifler\u2019 ad\u0131 verilen ter\u00f6ristlerin ba\u015fta Halep olmak \u00fczere Suriye genelinde vatanda\u015flara, mirasa, k\u00fclt\u00fcr ve her \u015feye verdikleri b\u00fcy\u00fck hasara dikkat \u00e7ekilen etkinlikte, bir k\u0131s\u0131m b\u00f6lgelerin ne Berlin ne de Hiro\u015fima\u2019da ya\u015fanmayan vah\u015fetlere tan\u0131k oldu\u011funun alt\u0131 \u00e7izildi.<\/p>\n","protected":false},"excerpt":{"rendered":"<p>\u015eAM \u2013 Arap Yazarlar Birli\u011finin \u015eam\u2019daki Esad K\u00fct\u00fcphanesinde d\u00fczenledi\u011fi Kitap Fuar\u0131n\u0131n faaliyetleri kapsam\u0131nda edebiyat\u00e7\u0131lar Suriyeli edebiyat\u00e7\u0131 ve ayd\u0131nlar\u0131n ter\u00f6r \u00f6rg\u00fctleri taraf\u0131ndan maruz kald\u0131klar\u0131 sald\u0131r\u0131 ve ya\u015fad\u0131klar\u0131 ac\u0131lara \u0131\u015f\u0131k tutan etkinlikler d\u00fczenliyor. Faaliyetlerde ter\u00f6r \u00f6rg\u00fctlerin su\u00e7lar\u0131 belgelenirken, ter\u00f6re kar\u015f\u0131 m\u00fccadelede k\u00fclt\u00fcr\u00fcn \u00f6nemine vurgu yap\u0131ld\u0131. I\u015e\u0130D, Nusra Cephesi ve daha ba\u015fka isimler alt\u0131nda faaliyet g\u00f6steren ter\u00f6ristlerin \u00e7ok &hellip;<\/p>\n","protected":false},"author":1,"featured_media":121121,"comment_status":"closed","ping_status":"closed","sticky":false,"template":"","format":"standard","meta":{"footnotes":""},"categories":[516,479,511,17988,478],"tags":[31670,1132,31671,31672,16591,13043,31668,22181,20510,31669],"class_list":["post-121120","post","type-post","status-publish","format-standard","has-post-thumbnail","","category-haberler-kultur-ve-sanat","category-haberler-yerel","category-kultur-ve-sanat","category-son-haberler","category-yerel","tag-edebiyatcilar-teror-orgutlerin-suclarini-belgeledi","tag-halep","tag-hirosima","tag-suclari-belgeleme","tag-suriye","tag-suriye-halki","tag-suriyeli-edebiyatcilar","tag-suriyeliler","tag-teror-saldirilari","tag-teror-suclari"],"_links":{"self":[{"href":"https:\/\/archive.sana.sy\/tr\/index.php?rest_route=\/wp\/v2\/posts\/121120","targetHints":{"allow":["GET"]}}],"collection":[{"href":"https:\/\/archive.sana.sy\/tr\/index.php?rest_route=\/wp\/v2\/posts"}],"about":[{"href":"https:\/\/archive.sana.sy\/tr\/index.php?rest_route=\/wp\/v2\/types\/post"}],"author":[{"embeddable":true,"href":"https:\/\/archive.sana.sy\/tr\/index.php?rest_route=\/wp\/v2\/users\/1"}],"replies":[{"embeddable":true,"href":"https:\/\/archive.sana.sy\/tr\/index.php?rest_route=%2Fwp%2Fv2%2Fcomments&post=121120"}],"version-history":[{"count":0,"href":"https:\/\/archive.sana.sy\/tr\/index.php?rest_route=\/wp\/v2\/posts\/121120\/revisions"}],"wp:featuredmedia":[{"embeddable":true,"href":"https:\/\/archive.sana.sy\/tr\/index.php?rest_route=\/wp\/v2\/media\/121121"}],"wp:attachment":[{"href":"https:\/\/archive.sana.sy\/tr\/index.php?rest_route=%2Fwp%2Fv2%2Fmedia&parent=121120"}],"wp:term":[{"taxonomy":"category","embeddable":true,"href":"https:\/\/archive.sana.sy\/tr\/index.php?rest_route=%2Fwp%2Fv2%2Fcategories&post=121120"},{"taxonomy":"post_tag","embeddable":true,"href":"https:\/\/archive.sana.sy\/tr\/index.php?rest_route=%2Fwp%2Fv2%2Ftags&post=121120"}],"curies":[{"name":"wp","href":"https:\/\/api.w.org\/{rel}","templated":true}]}}