{"id":121131,"date":"2017-08-05T15:55:50","date_gmt":"2017-08-05T12:55:50","guid":{"rendered":"http:\/\/www.sana.sy\/tr\/?p=121131"},"modified":"2017-08-05T15:58:36","modified_gmt":"2017-08-05T12:58:36","slug":"askeri-bir-kaynak-ordu-birliklerimizin-homs-ilinin-dogusunda-yer-alan-ve-isidin-deyrezzor-rakka-hama-homs-sam-ve-suveyda-kirsallarina-kadar-uzanan-badiye-bolgesinde-radikal-teror-orgutu-i","status":"publish","type":"post","link":"https:\/\/archive.sana.sy\/tr\/?p=121131","title":{"rendered":"Askeri bir kaynak ordu birliklerimizin Homs \u0130linin do\u011fusunda yer alan ve I\u015e\u0130D\u2019in Deyrezzor, Rakka, Hama, Homs, \u015eam ve S\u00fcveyda k\u0131rsallar\u0131na kadar uzanan Badiye B\u00f6lgesinde radikal ter\u00f6r \u00f6rg\u00fct\u00fc I\u015e\u0130D\u2019in en \u00f6nemli destek ve ikmal karargah\u0131 say\u0131lan Suhne Kentini g\u00fcneyden, g\u00fcneydo\u011fudan ve g\u00fcneybat\u0131dan ku\u015fatmaya ald\u0131\u011f\u0131n\u0131 belirtti"},"content":{"rendered":"<p>Askeri bir kaynak ordu birliklerimizin Homs \u0130linin do\u011fusunda yer alan ve I\u015e\u0130D\u2019in Deyrezzor, Rakka, Hama, Homs, \u015eam ve S\u00fcveyda k\u0131rsallar\u0131na kadar uzanan Badiye B\u00f6lgesinde radikal ter\u00f6r \u00f6rg\u00fct\u00fc I\u015e\u0130D\u2019in en \u00f6nemli destek ve ikmal karargah\u0131 say\u0131lan Suhne Kentini g\u00fcneyden, g\u00fcneydo\u011fudan ve g\u00fcneybat\u0131dan ku\u015fatmaya ald\u0131\u011f\u0131n\u0131 belirtti<\/p>\n","protected":false},"excerpt":{"rendered":"<p>Askeri bir kaynak ordu birliklerimizin Homs \u0130linin do\u011fusunda yer alan ve I\u015e\u0130D\u2019in Deyrezzor, Rakka, Hama, Homs, \u015eam ve S\u00fcveyda k\u0131rsallar\u0131na kadar uzanan Badiye B\u00f6lgesinde radikal ter\u00f6r \u00f6rg\u00fct\u00fc I\u015e\u0130D\u2019in en \u00f6nemli destek ve ikmal karargah\u0131 say\u0131lan Suhne Kentini g\u00fcneyden, g\u00fcneydo\u011fudan ve g\u00fcneybat\u0131dan ku\u015fatmaya ald\u0131\u011f\u0131n\u0131 belirtti<\/p>\n","protected":false},"author":1,"featured_media":0,"comment_status":"closed","ping_status":"closed","sticky":false,"template":"","format":"standard","meta":{"footnotes":""},"categories":[17991],"tags":[],"class_list":["post-121131","post","type-post","status-publish","format-standard","","category-son-dakika"],"_links":{"self":[{"href":"https:\/\/archive.sana.sy\/tr\/index.php?rest_route=\/wp\/v2\/posts\/121131","targetHints":{"allow":["GET"]}}],"collection":[{"href":"https:\/\/archive.sana.sy\/tr\/index.php?rest_route=\/wp\/v2\/posts"}],"about":[{"href":"https:\/\/archive.sana.sy\/tr\/index.php?rest_route=\/wp\/v2\/types\/post"}],"author":[{"embeddable":true,"href":"https:\/\/archive.sana.sy\/tr\/index.php?rest_route=\/wp\/v2\/users\/1"}],"replies":[{"embeddable":true,"href":"https:\/\/archive.sana.sy\/tr\/index.php?rest_route=%2Fwp%2Fv2%2Fcomments&post=121131"}],"version-history":[{"count":0,"href":"https:\/\/archive.sana.sy\/tr\/index.php?rest_route=\/wp\/v2\/posts\/121131\/revisions"}],"wp:attachment":[{"href":"https:\/\/archive.sana.sy\/tr\/index.php?rest_route=%2Fwp%2Fv2%2Fmedia&parent=121131"}],"wp:term":[{"taxonomy":"category","embeddable":true,"href":"https:\/\/archive.sana.sy\/tr\/index.php?rest_route=%2Fwp%2Fv2%2Fcategories&post=121131"},{"taxonomy":"post_tag","embeddable":true,"href":"https:\/\/archive.sana.sy\/tr\/index.php?rest_route=%2Fwp%2Fv2%2Ftags&post=121131"}],"curies":[{"name":"wp","href":"https:\/\/api.w.org\/{rel}","templated":true}]}}