{"id":121276,"date":"2017-08-07T15:53:49","date_gmt":"2017-08-07T12:53:49","guid":{"rendered":"http:\/\/www.sana.sy\/tr\/?p=121276"},"modified":"2017-08-08T15:34:35","modified_gmt":"2017-08-08T12:34:35","slug":"terore-karsi-savasimiz-devam-edecektir","status":"publish","type":"post","link":"https:\/\/archive.sana.sy\/tr\/?p=121276","title":{"rendered":"Ter\u00f6re Kar\u015f\u0131 Sava\u015f\u0131m\u0131z Devam Edecektir"},"content":{"rendered":"<p>\u015eAM \u2013 Ba\u015fbakan Yard\u0131mc\u0131s\u0131 D\u0131\u015fi\u015fleri ve Gurbet\u00e7iler Bakan\u0131 Velid el Muallim Tunuslu parlamenter heyet ile bir araya gelerek iki \u00fclke aras\u0131ndaki tarihi ili\u015fkileri yeniden canland\u0131rma olanaklar\u0131n\u0131 g\u00f6r\u00fc\u015ft\u00fc.<\/p>\n<p>G\u00f6r\u00fc\u015fmede Muallim Suriye&#8217;nin, Bat\u0131l\u0131 ve b\u00f6lgesel devletler taraf\u0131ndan desteklenen ter\u00f6re kar\u015f\u0131 sava\u015f\u0131n\u0131 azim ve kararl\u0131l\u0131kla s\u00fcrd\u00fcrece\u011finin alt\u0131n\u0131 \u00e7izerken, Suriye&#8217;nin egemenli\u011fi ve toprak b\u00fct\u00fcnl\u00fc\u011f\u00fcnden \u00f6d\u00fcn vermesinin hi\u00e7bir \u015fekilde m\u00fcmk\u00fcn olmad\u0131\u011f\u0131n\u0131 vurgulad\u0131.<\/p>\n","protected":false},"excerpt":{"rendered":"<p>\u015eAM \u2013 Ba\u015fbakan Yard\u0131mc\u0131s\u0131 D\u0131\u015fi\u015fleri ve Gurbet\u00e7iler Bakan\u0131 Velid el Muallim Tunuslu parlamenter heyet ile bir araya gelerek iki \u00fclke aras\u0131ndaki tarihi ili\u015fkileri yeniden canland\u0131rma olanaklar\u0131n\u0131 g\u00f6r\u00fc\u015ft\u00fc. G\u00f6r\u00fc\u015fmede Muallim Suriye&#8217;nin, Bat\u0131l\u0131 ve b\u00f6lgesel devletler taraf\u0131ndan desteklenen ter\u00f6re kar\u015f\u0131 sava\u015f\u0131n\u0131 azim ve kararl\u0131l\u0131kla s\u00fcrd\u00fcrece\u011finin alt\u0131n\u0131 \u00e7izerken, Suriye&#8217;nin egemenli\u011fi ve toprak b\u00fct\u00fcnl\u00fc\u011f\u00fcnden \u00f6d\u00fcn vermesinin hi\u00e7bir \u015fekilde m\u00fcmk\u00fcn &hellip;<\/p>\n","protected":false},"author":1,"featured_media":121304,"comment_status":"closed","ping_status":"closed","sticky":false,"template":"","format":"standard","meta":{"footnotes":""},"categories":[479,17988,478],"tags":[16772,31728,31729,16591,31727],"class_list":["post-121276","post","type-post","status-publish","format-standard","has-post-thumbnail","","category-haberler-yerel","category-son-haberler","category-yerel","tag-basbakan-yardimcisi-disisleri-ve-gurbetciler-bakani-velid-el-muallim","tag-batili","tag-bolgesel-devletler","tag-suriye","tag-tunuslu-parlamenter"],"_links":{"self":[{"href":"https:\/\/archive.sana.sy\/tr\/index.php?rest_route=\/wp\/v2\/posts\/121276","targetHints":{"allow":["GET"]}}],"collection":[{"href":"https:\/\/archive.sana.sy\/tr\/index.php?rest_route=\/wp\/v2\/posts"}],"about":[{"href":"https:\/\/archive.sana.sy\/tr\/index.php?rest_route=\/wp\/v2\/types\/post"}],"author":[{"embeddable":true,"href":"https:\/\/archive.sana.sy\/tr\/index.php?rest_route=\/wp\/v2\/users\/1"}],"replies":[{"embeddable":true,"href":"https:\/\/archive.sana.sy\/tr\/index.php?rest_route=%2Fwp%2Fv2%2Fcomments&post=121276"}],"version-history":[{"count":0,"href":"https:\/\/archive.sana.sy\/tr\/index.php?rest_route=\/wp\/v2\/posts\/121276\/revisions"}],"wp:featuredmedia":[{"embeddable":true,"href":"https:\/\/archive.sana.sy\/tr\/index.php?rest_route=\/wp\/v2\/media\/121304"}],"wp:attachment":[{"href":"https:\/\/archive.sana.sy\/tr\/index.php?rest_route=%2Fwp%2Fv2%2Fmedia&parent=121276"}],"wp:term":[{"taxonomy":"category","embeddable":true,"href":"https:\/\/archive.sana.sy\/tr\/index.php?rest_route=%2Fwp%2Fv2%2Fcategories&post=121276"},{"taxonomy":"post_tag","embeddable":true,"href":"https:\/\/archive.sana.sy\/tr\/index.php?rest_route=%2Fwp%2Fv2%2Ftags&post=121276"}],"curies":[{"name":"wp","href":"https:\/\/api.w.org\/{rel}","templated":true}]}}