{"id":121396,"date":"2017-08-09T14:32:10","date_gmt":"2017-08-09T11:32:10","guid":{"rendered":"http:\/\/www.sana.sy\/tr\/?p=121396"},"modified":"2017-08-10T15:45:05","modified_gmt":"2017-08-10T12:45:05","slug":"yerel-ahali-isid-mevkilerine-saldiriyor","status":"publish","type":"post","link":"https:\/\/archive.sana.sy\/tr\/?p=121396","title":{"rendered":"Yerel Ahali I\u015e\u0130D Mevkilerine Sald\u0131r\u0131yor"},"content":{"rendered":"<p>DEYREZZOR \u2013 Deyrezzor k\u0131rsal\u0131n\u0131n muhtelif b\u00f6lgelerinde yerel halk\u0131n radikal ter\u00f6r \u00f6rg\u00fct\u00fc I\u015e\u0130D\u2019e kar\u015f\u0131 eylemleri devam ediyor.<\/p>\n<p>\u0130l k\u0131rsal\u0131n\u0131n do\u011fusunda yerel kaynaklar; Albukemal Kentinde ahalinin Sanayi B\u00f6lgesinde I\u015e\u0130D\u2019in bir mevkiine sald\u0131r\u0131p bir\u00e7ok ter\u00f6risti \u00f6ld\u00fcrmeleri ard\u0131ndan Cela Beldesinde de ahalinin I\u015e\u0130D\u2019li ter\u00f6ristler ile \u00e7at\u0131\u015fmaya girip bir\u00e7o\u011funu \u00f6l\u00fc yaral\u0131 d\u00fc\u015f\u00fcrd\u00fcklerini aktard\u0131.<\/p>\n<p>Kaynaklar radikal ter\u00f6r \u00f6rg\u00fct\u00fc I\u015e\u0130D\u2019in Meyadin Kentinde ter\u00f6r eleba\u015flar\u0131 aras\u0131nda \u00e7\u0131kan anla\u015fmazl\u0131k sonucunda ka\u00e7maya \u00e7al\u0131\u015fan ve I\u015e\u0130D\u2019in en bariz komutanlar\u0131ndan biri say\u0131lan \u2018Ebu Bekir el Kahtani\u2019yi infaz etti\u011fini belirtti.<\/p>\n<p>I\u015e\u0130D\u2019in Muhasan Kentinde \u00f6rg\u00fct saflar\u0131ndan ka\u00e7maya \u00e7al\u0131\u015fan 10 ter\u00f6risti al\u0131koydu\u011funa dikkat \u00e7eken kaynaklar; s\u00f6z konusu ter\u00f6ristlerin bir k\u0131sm\u0131n\u0131n tan\u0131nm\u0131\u015f az\u0131l\u0131 ter\u00f6ristler olduklar\u0131na i\u015faret etti.<\/p>\n","protected":false},"excerpt":{"rendered":"<p>DEYREZZOR \u2013 Deyrezzor k\u0131rsal\u0131n\u0131n muhtelif b\u00f6lgelerinde yerel halk\u0131n radikal ter\u00f6r \u00f6rg\u00fct\u00fc I\u015e\u0130D\u2019e kar\u015f\u0131 eylemleri devam ediyor. \u0130l k\u0131rsal\u0131n\u0131n do\u011fusunda yerel kaynaklar; Albukemal Kentinde ahalinin Sanayi B\u00f6lgesinde I\u015e\u0130D\u2019in bir mevkiine sald\u0131r\u0131p bir\u00e7ok ter\u00f6risti \u00f6ld\u00fcrmeleri ard\u0131ndan Cela Beldesinde de ahalinin I\u015e\u0130D\u2019li ter\u00f6ristler ile \u00e7at\u0131\u015fmaya girip bir\u00e7o\u011funu \u00f6l\u00fc yaral\u0131 d\u00fc\u015f\u00fcrd\u00fcklerini aktard\u0131. Kaynaklar radikal ter\u00f6r \u00f6rg\u00fct\u00fc I\u015e\u0130D\u2019in Meyadin Kentinde &hellip;<\/p>\n","protected":false},"author":1,"featured_media":121402,"comment_status":"closed","ping_status":"closed","sticky":false,"template":"","format":"standard","meta":{"footnotes":""},"categories":[479,575,17988,478],"tags":[18237,18576,18577,26789,31769,2494,2318,31770,16591,13043,19034,22181],"class_list":["post-121396","post","type-post","status-publish","format-standard","has-post-thumbnail","","category-haberler-yerel","category-olaylar-ve-gercekler","category-son-haberler","category-yerel","tag-cihatcilar","tag-daes","tag-deas","tag-deyr-el-zor","tag-deyr-ezzor","tag-deyrezzor","tag-isid","tag-iside-saldiri","tag-suriye","tag-suriye-halki","tag-suriyeli-muhalifler","tag-suriyeliler"],"_links":{"self":[{"href":"https:\/\/archive.sana.sy\/tr\/index.php?rest_route=\/wp\/v2\/posts\/121396","targetHints":{"allow":["GET"]}}],"collection":[{"href":"https:\/\/archive.sana.sy\/tr\/index.php?rest_route=\/wp\/v2\/posts"}],"about":[{"href":"https:\/\/archive.sana.sy\/tr\/index.php?rest_route=\/wp\/v2\/types\/post"}],"author":[{"embeddable":true,"href":"https:\/\/archive.sana.sy\/tr\/index.php?rest_route=\/wp\/v2\/users\/1"}],"replies":[{"embeddable":true,"href":"https:\/\/archive.sana.sy\/tr\/index.php?rest_route=%2Fwp%2Fv2%2Fcomments&post=121396"}],"version-history":[{"count":0,"href":"https:\/\/archive.sana.sy\/tr\/index.php?rest_route=\/wp\/v2\/posts\/121396\/revisions"}],"wp:featuredmedia":[{"embeddable":true,"href":"https:\/\/archive.sana.sy\/tr\/index.php?rest_route=\/wp\/v2\/media\/121402"}],"wp:attachment":[{"href":"https:\/\/archive.sana.sy\/tr\/index.php?rest_route=%2Fwp%2Fv2%2Fmedia&parent=121396"}],"wp:term":[{"taxonomy":"category","embeddable":true,"href":"https:\/\/archive.sana.sy\/tr\/index.php?rest_route=%2Fwp%2Fv2%2Fcategories&post=121396"},{"taxonomy":"post_tag","embeddable":true,"href":"https:\/\/archive.sana.sy\/tr\/index.php?rest_route=%2Fwp%2Fv2%2Ftags&post=121396"}],"curies":[{"name":"wp","href":"https:\/\/api.w.org\/{rel}","templated":true}]}}