{"id":121398,"date":"2017-08-09T14:15:41","date_gmt":"2017-08-09T11:15:41","guid":{"rendered":"http:\/\/www.sana.sy\/tr\/?p=121398"},"modified":"2017-08-10T15:43:35","modified_gmt":"2017-08-10T12:43:35","slug":"isidin-agir-kayiplari-devam-ediyor","status":"publish","type":"post","link":"https:\/\/archive.sana.sy\/tr\/?p=121398","title":{"rendered":"I\u015e\u0130D\u2019in A\u011f\u0131r Kay\u0131plar\u0131 Devam Ediyor (video)"},"content":{"rendered":"<p>\u0130LLER \u2013 Ordu birliklerimiz muhtelif b\u00f6lgelerde radikal ter\u00f6re kar\u015f\u0131 operasyonlar\u0131n\u0131 hava g\u00fc\u00e7lerimiz ve top\u00e7u birliklerimizin deste\u011fi ile s\u00fcrd\u00fcr\u00fcyor.<\/p>\n<p><span style=\"color: #0000ff\">HAMA:<\/span><\/p>\n<p>Askeri bir kaynak ordu birliklerimizin hava g\u00fc\u00e7lerimizin deste\u011fi ile Hama \u0130linin do\u011fu k\u0131rsal\u0131nda radikal ter\u00f6r \u00f6rg\u00fct\u00fc I\u015e\u0130D\u2019e kar\u015f\u0131 operasyonlar\u0131 kapsam\u0131nda Dkeyla Beldesi ekseninde a\u011f\u0131r silahlarla donat\u0131lm\u0131\u015f 3 ara\u00e7 ve uzaktan kumandal\u0131 insans\u0131z hava arac\u0131 imha ettiklerini belirtti.<\/p>\n<p>Rus hava g\u00fc\u00e7lerinin de Ukeyrebbat Beldesinde I\u015e\u0130D\u2019in b\u00fcy\u00fck bir cephane deposuna ilaveten Ukeyrebbat \u2013 Suhne yolu \u00fczerinde ara\u00e7lar\u0131n topland\u0131\u011f\u0131 bir karargah\u0131 imha ettiklerini ifade eden askeri kaynak, buralarda da \u00e7ok say\u0131da ter\u00f6ristin \u00f6ld\u00fcr\u00fcld\u00fc\u011f\u00fcn\u00fc s\u00f6zlerine ekledi.<\/p>\n<p>Ordu birliklerimizin daha \u00f6nce Hama k\u0131rsal\u0131n\u0131n kuzeybat\u0131s\u0131 Curin Beldesi civarlar\u0131nda I\u015e\u0130D\u2019e ait uzaktan kumandal\u0131 5 hava arac\u0131n\u0131 imha ettiklerine dikkat \u00e7eken askeri kaynak; il k\u0131rsal\u0131n\u0131n do\u011fusu Ha\u015f\u015fabiye, Faside, Ebu Cbeylat, Cena el Ulbavi, Kuzey Dkeyla ve SAlba b\u00f6lgelerinde radikal \u00f6rg\u00fct\u00fcn komuta karargahlar\u0131 ve muhtelif t\u00fcr ara\u00e7lar\u0131n\u0131 imha ettiklerini kaydetti.<\/p>\n<p><span style=\"color: #0000ff\">HOMS:<\/span><\/p>\n<p>Bu arada hava g\u00fc\u00e7lerimiz Homs \u0130linin uzak do\u011fusu Badiye B\u00f6lgesinde Irak s\u0131n\u0131rlar\u0131 eksenine d\u00fc\u015fen \u011earrab Hadle Da\u011f\u0131nda I\u015e\u0130D\u2019e ait m\u00fchimmat deposu, 3 komuta karargah\u0131, 2 kamyon ve muhtelif t\u00fcr 6 arac\u0131 ihtiva ettikleri ter\u00f6ristlerle birlikte imha etti.<\/p>\n<p>Di\u011fer yandan askeri bir kaynak ordu birliklerimizin Homs \u0130linin do\u011fu k\u0131rsal\u0131nda Deyrezzor il idari s\u0131n\u0131rlar\u0131na yak\u0131n d\u00fc\u015fen ve Albukemal Kentinin 70 km g\u00fcneybat\u0131s\u0131nda bulunan Hmeyma Beldesi yak\u0131nlar\u0131nda I\u015e\u0130D\u2019in askeri mevkilere b\u00fcy\u00fck bir sald\u0131r\u0131s\u0131n\u0131n \u00e7\u00f6kertildi\u011fini belirtti.<\/p>\n<p>Kaynak aralar\u0131nda saha komutanlar\u0131n\u0131n bulundu\u011fu 80\u2019den fazla ter\u00f6ristin \u00f6l\u00fc \u00e7ok say\u0131da ter\u00f6ristin de yaral\u0131 d\u00fc\u015f\u00fcr\u00fcld\u00fc\u011f\u00fc \u00e7at\u0131\u015fmalarda I\u015e\u0130D\u2019e ait 5 bombal\u0131 ara\u00e7 ve bir\u00e7ok canl\u0131 bombam\u0131n ba\u015far\u0131yla imha edildi\u011fini aktard\u0131. \u00c7at\u0131\u015fmalarda tekfirci ter\u00f6ristlere ait muhtelif t\u00fcr a\u011f\u0131r ve hafif silahlar\u0131n ele ge\u00e7irildi\u011fini belirten kaynak, ayn\u0131 amanda bir dizi z\u0131rhl\u0131 araca da el konuldu\u011funu s\u00f6yledi.<\/p>\n<p>https:\/\/www.youtube.com\/watch?v=KLvSSS_MJLw<\/p>\n<p><span style=\"color: #0000ff\">DEYREZZOR:<\/span><\/p>\n<p>Di\u011fer yandan askeri bir kaynak ordu birliklerimizin Deyrezzor\u2019da Muvazzafin, Panorama, Makabir ve Serda b\u00f6lgelerinde radikal ter\u00f6r \u00f6rg\u00fct\u00fc I\u015e\u0130D \u00e7eteleri ile \u015fiddetli \u00e7at\u0131\u015fmalara girdiklerini belirtti. Kaynak \u00e7at\u0131\u015fmada aralar\u0131nda tehlikeli isimlerin bulundu\u011fu \u00e7ok say\u0131da ter\u00f6ristin ml\u00fc yaral\u0131 d\u00fc\u015f\u00fcr\u00fcld\u00fc\u011f\u00fcn\u00fc, siperlendikleri bir karargah\u0131n da ate\u015fe verildi\u011fini kaydetti.<\/p>\n<p>Top\u00e7u birliklerimizin Sanayi, Cbeyle ve Makabir b\u00f6lgelerinde I\u015e\u0130D karargahlar\u0131 ve siperlerini yo\u011fun ate\u015fe tuttuklar\u0131n\u0131 aktaran kaynak, buna e\u015f zamanl\u0131 olarak ordu birliklerimizin de Hassarat ve eski havaalan\u0131 semtlerinde radikal ter\u00f6r \u00f6rg\u00fcte ait iki karargah\u0131 muhtevalar\u0131yla yok ettiklerini s\u00f6zlerine ekledi.<\/p>\n<p>Kaynak hava g\u00fc\u00e7lerimizin de Hassarat ve Panorama b\u00f6lgelerine ek olarak B\u011fayliye Beldesinde radikal \u00e7etelerin ara\u00e7, karargah ve siperlerini imha ettiklerini ifade etti.<\/p>\n","protected":false},"excerpt":{"rendered":"<p>\u0130LLER \u2013 Ordu birliklerimiz muhtelif b\u00f6lgelerde radikal ter\u00f6re kar\u015f\u0131 operasyonlar\u0131n\u0131 hava g\u00fc\u00e7lerimiz ve top\u00e7u birliklerimizin deste\u011fi ile s\u00fcrd\u00fcr\u00fcyor. HAMA: Askeri bir kaynak ordu birliklerimizin hava g\u00fc\u00e7lerimizin deste\u011fi ile Hama \u0130linin do\u011fu k\u0131rsal\u0131nda radikal ter\u00f6r \u00f6rg\u00fct\u00fc I\u015e\u0130D\u2019e kar\u015f\u0131 operasyonlar\u0131 kapsam\u0131nda Dkeyla Beldesi ekseninde a\u011f\u0131r silahlarla donat\u0131lm\u0131\u015f 3 ara\u00e7 ve uzaktan kumandal\u0131 insans\u0131z hava arac\u0131 imha ettiklerini &hellip;<\/p>\n","protected":false},"author":1,"featured_media":121399,"comment_status":"closed","ping_status":"closed","sticky":false,"template":"","format":"standard","meta":{"footnotes":""},"categories":[479,575,17988,478],"tags":[18365,18237,18576,18577,2492,2318,18347,20427,2493,18674,16591,11549,19034,22181,28327,4076],"class_list":["post-121398","post","type-post","status-publish","format-standard","has-post-thumbnail","","category-haberler-yerel","category-olaylar-ve-gercekler","category-son-haberler","category-yerel","tag-ahrar-el-sam","tag-cihatcilar","tag-daes","tag-deas","tag-hama","tag-isid","tag-oso","tag-ozgur-ordu","tag-rakka","tag-silahli-muhalifler","tag-suriye","tag-suriye-ordusu","tag-suriyeli-muhalifler","tag-suriyeliler","tag-tahrir-el-sam","tag-terorle-mucadele"],"_links":{"self":[{"href":"https:\/\/archive.sana.sy\/tr\/index.php?rest_route=\/wp\/v2\/posts\/121398","targetHints":{"allow":["GET"]}}],"collection":[{"href":"https:\/\/archive.sana.sy\/tr\/index.php?rest_route=\/wp\/v2\/posts"}],"about":[{"href":"https:\/\/archive.sana.sy\/tr\/index.php?rest_route=\/wp\/v2\/types\/post"}],"author":[{"embeddable":true,"href":"https:\/\/archive.sana.sy\/tr\/index.php?rest_route=\/wp\/v2\/users\/1"}],"replies":[{"embeddable":true,"href":"https:\/\/archive.sana.sy\/tr\/index.php?rest_route=%2Fwp%2Fv2%2Fcomments&post=121398"}],"version-history":[{"count":0,"href":"https:\/\/archive.sana.sy\/tr\/index.php?rest_route=\/wp\/v2\/posts\/121398\/revisions"}],"wp:featuredmedia":[{"embeddable":true,"href":"https:\/\/archive.sana.sy\/tr\/index.php?rest_route=\/wp\/v2\/media\/121399"}],"wp:attachment":[{"href":"https:\/\/archive.sana.sy\/tr\/index.php?rest_route=%2Fwp%2Fv2%2Fmedia&parent=121398"}],"wp:term":[{"taxonomy":"category","embeddable":true,"href":"https:\/\/archive.sana.sy\/tr\/index.php?rest_route=%2Fwp%2Fv2%2Fcategories&post=121398"},{"taxonomy":"post_tag","embeddable":true,"href":"https:\/\/archive.sana.sy\/tr\/index.php?rest_route=%2Fwp%2Fv2%2Ftags&post=121398"}],"curies":[{"name":"wp","href":"https:\/\/api.w.org\/{rel}","templated":true}]}}