{"id":121407,"date":"2017-08-09T15:24:10","date_gmt":"2017-08-09T12:24:10","guid":{"rendered":"http:\/\/www.sana.sy\/tr\/?p=121407"},"modified":"2017-08-10T15:45:04","modified_gmt":"2017-08-10T12:45:04","slug":"tehcir-edilen-vatandaslar-evlerine-donebilir","status":"publish","type":"post","link":"https:\/\/archive.sana.sy\/tr\/?p=121407","title":{"rendered":"Tehcir Edilen Vatanda\u015flar Evlerine D\u00f6nebilir"},"content":{"rendered":"<p>\u015eAM \u2013 Ordu ve Silahl\u0131 Kuvvetler Genel Komutanl\u0131\u011f\u0131, ordu birliklerimizin Rakka k\u0131rsal\u0131n\u0131n g\u00fcneyi \u015enan, Sabha ve Cabla Beldelerini I\u015e\u0130D\u2019ten kurtarmalar\u0131 ve beldelerde ter\u00f6ristlerin \u00f6zel ve kamu m\u00fclklere yerle\u015ftirdikleri bubi tuzaklar\u0131 ve may\u0131nlar\u0131 temizlemeleri ard\u0131ndan vatanda\u015flar\u0131n yar\u0131ndan itibaren evlerine ve i\u015flerine d\u00f6nebileceklerini belirtti.<\/p>\n<p>Komutanl\u0131k yay\u0131nlad\u0131\u011f\u0131 b\u00fcltende ordu birliklerimizin ilgili kurumlarla birlikte evlerine d\u00f6nmek isteyen vatanda\u015flara gereken kolayl\u0131k ve deste\u011fi temin edeceklerini belirtti.<\/p>\n","protected":false},"excerpt":{"rendered":"<p>\u015eAM \u2013 Ordu ve Silahl\u0131 Kuvvetler Genel Komutanl\u0131\u011f\u0131, ordu birliklerimizin Rakka k\u0131rsal\u0131n\u0131n g\u00fcneyi \u015enan, Sabha ve Cabla Beldelerini I\u015e\u0130D\u2019ten kurtarmalar\u0131 ve beldelerde ter\u00f6ristlerin \u00f6zel ve kamu m\u00fclklere yerle\u015ftirdikleri bubi tuzaklar\u0131 ve may\u0131nlar\u0131 temizlemeleri ard\u0131ndan vatanda\u015flar\u0131n yar\u0131ndan itibaren evlerine ve i\u015flerine d\u00f6nebileceklerini belirtti. Komutanl\u0131k yay\u0131nlad\u0131\u011f\u0131 b\u00fcltende ordu birliklerimizin ilgili kurumlarla birlikte evlerine d\u00f6nmek isteyen vatanda\u015flara gereken &hellip;<\/p>\n","protected":false},"author":1,"featured_media":119450,"comment_status":"closed","ping_status":"closed","sticky":false,"template":"","format":"standard","meta":{"footnotes":""},"categories":[479,575,17988,478],"tags":[2318,31771,1247,2770,31723,25886],"class_list":["post-121407","post","type-post","status-publish","format-standard","has-post-thumbnail","","category-haberler-yerel","category-olaylar-ve-gercekler","category-son-haberler","category-yerel","tag-isid","tag-komutanlik-yayinladigi-bultende","tag-ordu-birliklerimizin","tag-ordu-ve-silahli-kuvvetler-genel-komutanligi","tag-rakka-kirsalinin-guneyi","tag-vatandaslar"],"_links":{"self":[{"href":"https:\/\/archive.sana.sy\/tr\/index.php?rest_route=\/wp\/v2\/posts\/121407","targetHints":{"allow":["GET"]}}],"collection":[{"href":"https:\/\/archive.sana.sy\/tr\/index.php?rest_route=\/wp\/v2\/posts"}],"about":[{"href":"https:\/\/archive.sana.sy\/tr\/index.php?rest_route=\/wp\/v2\/types\/post"}],"author":[{"embeddable":true,"href":"https:\/\/archive.sana.sy\/tr\/index.php?rest_route=\/wp\/v2\/users\/1"}],"replies":[{"embeddable":true,"href":"https:\/\/archive.sana.sy\/tr\/index.php?rest_route=%2Fwp%2Fv2%2Fcomments&post=121407"}],"version-history":[{"count":0,"href":"https:\/\/archive.sana.sy\/tr\/index.php?rest_route=\/wp\/v2\/posts\/121407\/revisions"}],"wp:featuredmedia":[{"embeddable":true,"href":"https:\/\/archive.sana.sy\/tr\/index.php?rest_route=\/wp\/v2\/media\/119450"}],"wp:attachment":[{"href":"https:\/\/archive.sana.sy\/tr\/index.php?rest_route=%2Fwp%2Fv2%2Fmedia&parent=121407"}],"wp:term":[{"taxonomy":"category","embeddable":true,"href":"https:\/\/archive.sana.sy\/tr\/index.php?rest_route=%2Fwp%2Fv2%2Fcategories&post=121407"},{"taxonomy":"post_tag","embeddable":true,"href":"https:\/\/archive.sana.sy\/tr\/index.php?rest_route=%2Fwp%2Fv2%2Ftags&post=121407"}],"curies":[{"name":"wp","href":"https:\/\/api.w.org\/{rel}","templated":true}]}}