{"id":12142,"date":"2014-10-02T19:56:17","date_gmt":"2014-10-02T16:56:17","guid":{"rendered":"http:\/\/www.sana.sy\/tr\/?p=12142"},"modified":"2014-10-03T14:32:40","modified_gmt":"2014-10-03T11:32:40","slug":"iki-teror-saldirisinda-sehit-dusen-masum-cocuklar-son-yolculuklarina-ugurlandi","status":"publish","type":"post","link":"https:\/\/archive.sana.sy\/tr\/?p=12142","title":{"rendered":"\u0130ki Ter\u00f6r Sald\u0131r\u0131s\u0131nda \u015eehit D\u00fc\u015fen Masum \u00c7ocuklar Son Yolculuklar\u0131na U\u011furland\u0131"},"content":{"rendered":"<p>HOMS \u2013 Resmi ve kitlesel kat\u0131l\u0131mla Homs kenti \u0130krime Semtindeki El Zaim, El Nahda ve El Ehli hastanelerinden, d\u00fcn \u0130krime Semtinde \u00e7ocuklar\u0131n okullar\u0131ndan \u00e7\u0131k\u0131\u015flar\u0131 esnas\u0131nda meydana gelen \u00e7irkef ter\u00f6r patlamalar\u0131 sonucunda \u015fehit d\u00fc\u015fen 33 \u015fehidin naa\u015flar\u0131 son yolculuklar\u0131na u\u011furland\u0131.<\/p>\n<p>\u015eehit aileleri ve merasime kat\u0131lanlar gaddar ve hain ellerin \u00e7ocuklar ve \u00e7ocukluk hakk\u0131nda i\u015fledikleri \u00e7irkef katliam\u0131 \u015fiddetle k\u0131nad\u0131lar.<\/p>\n<p>Sosyalist Arap Baas Partisi el Baas \u00dcniversitesi rekt\u00f6r\u00fc Muhammed \u0130sa, Amerika, Katar, Suudi Arabistan ve T\u00fcrkiye rejimleri taraf\u0131ndan destekli tekfirci ter\u00f6ristlerin Suriye halk\u0131n\u0131 etkileyecekleri zann\u0131yla okul \u00f6\u011frencilerine kar\u015f\u0131 i\u015fledi\u011fi s\u00f6z konusu \u00e7irkef ter\u00f6r eylemini \u201c\u00e7irkef eylem\u201d olarak nitelendirdi.<\/p>\n<p>\u0130sa, bu gibi ter\u00f6r eylemlerinin Suriye\u2019yi zaferinden geri \u00e7eviremeyece\u011fini ordusu, halk\u0131 ve y\u00f6netimiyle bu kinci ter\u00f6re kar\u015f\u0131 muhakkak bir zafer elde edece\u011fini vurgulad\u0131.<img loading=\"lazy\" decoding=\"async\" class=\"alignright wp-image-12184 size-medium\" src=\"http:\/\/www.sana.sy\/tr\/wp-content\/uploads\/2014\/10\/021-300x225.jpg\" alt=\"02\" width=\"300\" height=\"225\" srcset=\"https:\/\/archive.sana.sy\/tr\/wp-content\/uploads\/2014\/10\/021-300x225.jpg 300w, https:\/\/archive.sana.sy\/tr\/wp-content\/uploads\/2014\/10\/021-150x112.jpg 150w, https:\/\/archive.sana.sy\/tr\/wp-content\/uploads\/2014\/10\/021.jpg 720w\" sizes=\"auto, (max-width: 300px) 100vw, 300px\" \/><\/p>\n<p>Homs Valili\u011fi Konsey Ba\u015fkan\u0131 S\u00fcleyman el Muhammed ise, kincilere ve i\u015fledikleri kanl\u0131 eylemlere ra\u011fmen ilim ve ideoloji y\u00fcr\u00fcy\u00fc\u015f\u00fcn\u00fcn devam edece\u011fini belirterek Suriyelilerin azimlerinden \u00f6\u00e7 alamayacaklar\u0131n\u0131 topraklar\u0131n\u0131 savunma iradelerini de k\u0131ramayacaklar\u0131n\u0131 ifade eti.<\/p>\n<p>\u0130sa, d\u00fcnyan\u0131n \u00e7ocuklar hakk\u0131nda i\u015flenen bu gibi ter\u00f6r eylemine tan\u0131k olmad\u0131\u011f\u0131n\u0131 vurgulayarak \u201cfacia\u201d olarak nitelendirdi.<\/p>\n<p>\u0130krime el Mahzumi ile \u00d6zel \u0130krime \u0130lkokullar\u0131 m\u00fcdireleri Fat\u0131ma H\u00fczeyin ve Sadiye el Zemetli, yar\u0131n\u0131n ayd\u0131n gelecekleri say\u0131lan \u00e7ocuklar\u0131 kaybetmelerinden duyduklar\u0131 derin \u00fcz\u00fcnt\u00fclerini dile getirerek bir insanl\u0131k facias\u0131 oldu\u011funu ifade ettiler.<\/p>\n<p>M\u00fcdireler, kara ter\u00f6r ve destek\u00e7ilerine kar\u015f\u0131 ilim ve marifet y\u00fcr\u00fcy\u00fc\u015f\u00fcn\u00fc s\u00fcrd\u00fcreceklerini vurgulad\u0131lar.<\/p>\n<p>\u00d6\u011fretmen Lumas el Halil, \u015fehit d\u00fc\u015fen masum \u00f6\u011frenci ve sivillere Allah\u2019tan rahmet dileyerek s\u00f6z konusu ter\u00f6r eyleminin Suriye\u2019nin direni\u015fini etkileyemeyece\u011fini e\u011fitim s\u00fcrecini de durduramayaca\u011f\u0131n\u0131 vurgulad\u0131.<\/p>\n<p>Ter\u00f6ristler d\u00fcn Homs \u0130krime Semtinde okullar kompleksi b\u00f6lgesinde okul \u00e7\u0131k\u0131\u015flar\u0131 esnas\u0131nda \u00e7ocuklar\u0131 hedef alan iki ter\u00f6r patlamas\u0131 sonucunda aralar\u0131nda 25 \u00e7ocu\u011fun bulundu\u011fu 33 ki\u015finin \u015fehit d\u00fc\u015fmesine \u00e7o\u011fu \u00e7ocuk 176 ki\u015finin de yaralanmas\u0131na yol a\u00e7m\u0131\u015ft\u0131.<\/p>\n<p>&nbsp;<\/p>\n<div id='gallery-1' class='gallery galleryid-12142 gallery-columns-3 gallery-size-thumbnail'><figure class='gallery-item'>\n\t\t\t<div class='gallery-icon landscape'>\n\t\t\t\t<a href='https:\/\/archive.sana.sy\/tr\/?attachment_id=12193'><img loading=\"lazy\" decoding=\"async\" width=\"150\" height=\"112\" src=\"https:\/\/archive.sana.sy\/tr\/wp-content\/uploads\/2014\/10\/011-150x112.jpg\" class=\"attachment-thumbnail size-thumbnail\" alt=\"\" srcset=\"https:\/\/archive.sana.sy\/tr\/wp-content\/uploads\/2014\/10\/011-150x112.jpg 150w, https:\/\/archive.sana.sy\/tr\/wp-content\/uploads\/2014\/10\/011-300x225.jpg 300w, https:\/\/archive.sana.sy\/tr\/wp-content\/uploads\/2014\/10\/011.jpg 720w\" sizes=\"auto, (max-width: 150px) 100vw, 150px\" \/><\/a>\n\t\t\t<\/div><\/figure><figure class='gallery-item'>\n\t\t\t<div class='gallery-icon landscape'>\n\t\t\t\t<a href='https:\/\/archive.sana.sy\/tr\/?attachment_id=12194'><img loading=\"lazy\" decoding=\"async\" width=\"150\" height=\"112\" src=\"https:\/\/archive.sana.sy\/tr\/wp-content\/uploads\/2014\/10\/022-150x112.jpg\" class=\"attachment-thumbnail size-thumbnail\" alt=\"\" srcset=\"https:\/\/archive.sana.sy\/tr\/wp-content\/uploads\/2014\/10\/022-150x112.jpg 150w, https:\/\/archive.sana.sy\/tr\/wp-content\/uploads\/2014\/10\/022-300x225.jpg 300w, https:\/\/archive.sana.sy\/tr\/wp-content\/uploads\/2014\/10\/022.jpg 960w\" sizes=\"auto, (max-width: 150px) 100vw, 150px\" \/><\/a>\n\t\t\t<\/div><\/figure><figure class='gallery-item'>\n\t\t\t<div class='gallery-icon landscape'>\n\t\t\t\t<a href='https:\/\/archive.sana.sy\/tr\/?attachment_id=12195'><img loading=\"lazy\" decoding=\"async\" width=\"150\" height=\"84\" src=\"https:\/\/archive.sana.sy\/tr\/wp-content\/uploads\/2014\/10\/031-150x84.jpg\" class=\"attachment-thumbnail size-thumbnail\" alt=\"\" srcset=\"https:\/\/archive.sana.sy\/tr\/wp-content\/uploads\/2014\/10\/031-150x84.jpg 150w, https:\/\/archive.sana.sy\/tr\/wp-content\/uploads\/2014\/10\/031-300x168.jpg 300w, https:\/\/archive.sana.sy\/tr\/wp-content\/uploads\/2014\/10\/031-1024x576.jpg 1024w, https:\/\/archive.sana.sy\/tr\/wp-content\/uploads\/2014\/10\/031.jpg 1280w\" sizes=\"auto, (max-width: 150px) 100vw, 150px\" \/><\/a>\n\t\t\t<\/div><\/figure>\n\t\t<\/div>\n\n","protected":false},"excerpt":{"rendered":"<p>HOMS \u2013 Resmi ve kitlesel kat\u0131l\u0131mla Homs kenti \u0130krime Semtindeki El Zaim, El Nahda ve El Ehli hastanelerinden, d\u00fcn \u0130krime Semtinde \u00e7ocuklar\u0131n okullar\u0131ndan \u00e7\u0131k\u0131\u015flar\u0131 esnas\u0131nda meydana gelen \u00e7irkef ter\u00f6r patlamalar\u0131 sonucunda \u015fehit d\u00fc\u015fen 33 \u015fehidin naa\u015flar\u0131 son yolculuklar\u0131na u\u011furland\u0131. \u015eehit aileleri ve merasime kat\u0131lanlar gaddar ve hain ellerin \u00e7ocuklar ve \u00e7ocukluk hakk\u0131nda i\u015fledikleri \u00e7irkef katliam\u0131 &hellip;<\/p>\n","protected":false},"author":1,"featured_media":12143,"comment_status":"closed","ping_status":"closed","sticky":false,"template":"","format":"standard","meta":{"footnotes":""},"categories":[596,479,575,478],"tags":[2990],"class_list":["post-12142","post","type-post","status-publish","format-standard","has-post-thumbnail","","category-fotografli-raporlar","category-haberler-yerel","category-olaylar-ve-gercekler","category-yerel","tag-iki-teror-saldirisinda-sehit-dusen-masum-cocuklar-son-yolculuklarina-ugurlandi"],"_links":{"self":[{"href":"https:\/\/archive.sana.sy\/tr\/index.php?rest_route=\/wp\/v2\/posts\/12142","targetHints":{"allow":["GET"]}}],"collection":[{"href":"https:\/\/archive.sana.sy\/tr\/index.php?rest_route=\/wp\/v2\/posts"}],"about":[{"href":"https:\/\/archive.sana.sy\/tr\/index.php?rest_route=\/wp\/v2\/types\/post"}],"author":[{"embeddable":true,"href":"https:\/\/archive.sana.sy\/tr\/index.php?rest_route=\/wp\/v2\/users\/1"}],"replies":[{"embeddable":true,"href":"https:\/\/archive.sana.sy\/tr\/index.php?rest_route=%2Fwp%2Fv2%2Fcomments&post=12142"}],"version-history":[{"count":0,"href":"https:\/\/archive.sana.sy\/tr\/index.php?rest_route=\/wp\/v2\/posts\/12142\/revisions"}],"wp:featuredmedia":[{"embeddable":true,"href":"https:\/\/archive.sana.sy\/tr\/index.php?rest_route=\/wp\/v2\/media\/12143"}],"wp:attachment":[{"href":"https:\/\/archive.sana.sy\/tr\/index.php?rest_route=%2Fwp%2Fv2%2Fmedia&parent=12142"}],"wp:term":[{"taxonomy":"category","embeddable":true,"href":"https:\/\/archive.sana.sy\/tr\/index.php?rest_route=%2Fwp%2Fv2%2Fcategories&post=12142"},{"taxonomy":"post_tag","embeddable":true,"href":"https:\/\/archive.sana.sy\/tr\/index.php?rest_route=%2Fwp%2Fv2%2Ftags&post=12142"}],"curies":[{"name":"wp","href":"https:\/\/api.w.org\/{rel}","templated":true}]}}