{"id":12145,"date":"2014-10-02T23:59:49","date_gmt":"2014-10-02T20:59:49","guid":{"rendered":"http:\/\/www.sana.sy\/tr\/?p=12145"},"modified":"2014-10-03T13:24:27","modified_gmt":"2014-10-03T10:24:27","slug":"teroristlerin-kahraman-ordu-birliklerimiz-onundeki-agir-kayiplari-suruyor","status":"publish","type":"post","link":"https:\/\/archive.sana.sy\/tr\/?p=12145","title":{"rendered":"Ter\u00f6ristlerin Kahraman Ordu Birliklerimiz \u00d6n\u00fcndeki A\u011f\u0131r Kay\u0131plar\u0131 S\u00fcr\u00fcyor"},"content":{"rendered":"<p>\u0130LLER \u2013 Ordu ve silahl\u0131 kuvvetlerimize tabi birliklerimizin hain ve kiral\u0131k ter\u00f6ristlere y\u00f6nelik askeri operasyonlar\u0131n\u0131 t\u00fcm h\u0131z\u0131yla s\u00fcrd\u00fcr\u00fcyor. Operasyonlarda ter\u00f6ristlerin a\u011f\u0131r kay\u0131plar\u0131 da devam ediyor. S\u00f6z konusu operasyonlarda \u00e7ok say\u0131da ter\u00f6rist silah, cephane ve te\u00e7hizat bak\u0131m\u0131ndan da b\u00fcy\u00fck kay\u0131plar verdi.<\/p>\n<p><span style=\"color: #0000ff\">\u015eam K\u0131rsal\u0131nda Ter\u00f6ristler Ara\u00e7lar\u0131yla Etkisiz Hale Getirildi<\/span><\/p>\n<p>Ordu birliklerimiz Cobar B\u00f6lgesinde ter\u00f6r \u00e7etelerin kulland\u0131klar\u0131 \u00f6nemli bir t\u00fcnel \u015febekesini i\u00e7indeki ter\u00f6ristlerle birlikte imha etti.<\/p>\n<p>Askeri kaynak, ordu birliklerimizin \u015eam K\u0131rsal\u0131 Kalamun da\u011flar\u0131nda i\u00e7indeki ter\u00f6ristlerle birlikte ter\u00f6ristlere ait bir ka\u00e7 arac\u0131 imha ettiklerini s\u00f6yledi.<\/p>\n<p><span style=\"color: #0000ff\">Kunaytra K\u0131rsal\u0131nda \u00c7ok Say\u0131da Ter\u00f6rist \u00d6ld\u00fcr\u00fcld\u00fc<\/span><\/p>\n<p>Askeri kaynak, ordu birliklerimizin Kunaytra k\u0131rsal\u0131 Hamidiye Beldelesinde \u00e7ok say\u0131da ter\u00f6risti \u00f6l\u00fc ve yaral\u0131 d\u00fc\u015f\u00fcrd\u00fcklerini belirtti.<\/p>\n<p>Kunaytra k\u0131rsal\u0131nda Kefrnasec b\u00f6lgesi ile Meshara ve Akraba beldelerinde ordu birliklerimizin ter\u00f6r yuvalar\u0131n\u0131 hedefe al\u0131p \u00e7ok say\u0131da ter\u00f6risti \u00f6l\u00fc ve yaral\u0131 d\u00fc\u015f\u00fcrd\u00fc\u011f\u00fc bildirildi.<\/p>\n<p><span style=\"color: #0000ff\">\u0130dlib K\u0131rsal\u0131nda Libyal\u0131 Ter\u00f6ristlerin Bulundu\u011fu \u00c7ok Say\u0131da Ter\u00f6rist \u00d6ld\u00fcr\u00fcld\u00fc<\/span><\/p>\n<p>Askeri kaynak, ordu birliklerimizin \u0130dlib k\u0131rsal\u0131 Cebel el Erbain da\u011f\u0131nda ter\u00f6ristlerin toplanma merkez ve h\u00fccrelerini hedef almalar\u0131 sonucunda aralar\u0131nda 11 Libya uyruklunun bulundu\u011fu onlarca ter\u00f6risti \u00f6ld\u00fcrd\u00fcklerini bunun yan\u0131 s\u0131ra a\u011f\u0131r makineli silahlarla donat\u0131lm\u0131\u015f 4 ara\u00e7lar\u0131n\u0131 da imha ettiklerini s\u00f6yledi.<\/p>\n<p>Kaynak, Temania, Teftenaz, Han el Subul, Hamidiye, Kefar Sucna, Taum, Vadi Sahra,, Kensafra ve Beytun K\u00f6yleri aras\u0131 ve Maarrat el Numan\u2019da ter\u00f6ristlerin toplanma merkezleri ve h\u00fccrelerini hedef almalar\u0131 sonucunda \u00e7ok say\u0131da ter\u00f6risti \u00f6l\u00fc ve yaral\u0131 d\u00fc\u015f\u00fcrd\u00fcklerini s\u00f6yledi.<\/p>\n<p>Kaynak, abu elduhur havaalan\u0131 kuzeyindeki Um Cerin ve Tel Selmo\u2019da ter\u00f6ristlerin h\u00fccrelerini hedef almalar\u0131 sonucunda \u00e7ok say\u0131da ter\u00f6risti \u00f6l\u00fc ve yaral\u0131 d\u00fc\u015f\u00fcrd\u00fcklerini s\u00f6yledi.<\/p>\n<p><span style=\"color: #0000ff\">Dera K\u0131rsal\u0131nda \u00c7ok Say\u0131da Ter\u00f6rist \u00d6l\u00fc ve Yaral\u0131 D\u00fc\u015f\u00fcr\u00fcld\u00fc<\/span><\/p>\n<p>Askeri kaynak, ordu birliklerimizin Dera k\u0131rsal\u0131 Naime Beldesi, \u015eeyh Miskin, Deyr el Ades ve \u00e7evresinde ter\u00f6ristlerin toplanma merkezlerini hedef almalar\u0131 sonucunda \u00e7ok say\u0131da ter\u00f6risti \u00f6l\u00fc ve yaral\u0131 d\u00fc\u015f\u00fcrd\u00fcklerini, Harab el \u015eahm-Yaduda yolu \u00fczerinde de bir a\u011f\u0131r makineli silah\u0131 imha ettiklerini belirtti.<\/p>\n<p>Askeri bir kaynak ordu birliklerimizin Dera k\u0131rsal\u0131nda Otman, Tel el Elakiye, Tel Antar, Deyr el Ades, Anhel ve Nova beldelerinde ba\u015flatt\u0131\u011f\u0131 operasyonlarda \u00e7ok say\u0131da ter\u00f6risti \u00f6l\u00fc ve yaral\u0131 d\u00fc\u015f\u00fcrd\u00fc\u011fini belirtti.<\/p>\n<p><span style=\"color: #0000ff\">Homs K\u0131rsal\u0131nda \u00c7ok Say\u0131da Ter\u00f6rist \u00d6ld\u00fcr\u00fcld\u00fc, S\u0131zma Giri\u015fimleri \u00c7\u00f6kertildi<\/span><\/p>\n<p>Askeri kaynak, ordu birliklerimizin Um \u015eer\u015fuh, Hilaliye Mezras\u0131, Tel Abu Senasil, Useyle Zeytinya\u011f\u0131 Fabrikas\u0131, Ub el Gacer ve Resten\u2019de ter\u00f6ristlerin h\u00fccre ve toplanma merkezlerini hedef almalar\u0131 sonucunda \u00e7ok say\u0131da ter\u00f6risti \u00f6l\u00fc ve yaral\u0131 d\u00fc\u015f\u00fcrd\u00fcklerini belirtti.<\/p>\n<p>Kaynak, Homs do\u011fu k\u0131rsal\u0131 Abu el Alaya K\u00f6y\u00fc ile Tel el Cedid aras\u0131 ile Hule\u2019de Bat\u0131 Teyba K\u00f6y\u00fcnde ter\u00f6ristlerin h\u00fccre ve toplanma merkezlerini hedef almalar\u0131 sonucunda \u00e7ok say\u0131da ter\u00f6risti \u00f6l\u00fc ve yaral\u0131 d\u00fc\u015f\u00fcrd\u00fcklerini \u00f6len ter\u00f6ristler aras\u0131nda bir ter\u00f6r grubu eleba\u015f\u0131 olan Seyf el Hatib, Abdulkerim Mustafa, \u0130smail, Mustafa ve Enver Abdulkerim Mustafa ile Muhammed Bilal \u015eaban\u2019\u0131n kimliklerinin belirlendi\u011fini s\u00f6yledi.<\/p>\n<p>Kaynak, ordu birliklerimizin Nemuzeciye K\u00f6y\u00fc, Bi\u2019r Kedim, Suhne\u2019nin do\u011fusu, Um Tuveyne ve Resten\u2019de i\u00e7indekilerle birlikte ter\u00f6ristlerin h\u00fccrelerini hedef ald\u0131klar\u0131n\u0131 \u00e7ok say\u0131da ter\u00f6risti \u00f6l\u00fc ve yaral\u0131 d\u00fc\u015f\u00fcrd\u00fcklerini belirtti.<\/p>\n<p>Ordu birliklerimiz ayr\u0131ca, ter\u00f6ristlerin Homs do\u011fu k\u0131rsal\u0131 Sultaniye K\u00f6y\u00fcnden Abu el Alaya K\u00f6y\u00fcne s\u0131zma giri\u015fimlerini \u00e7\u00f6kertti, baz\u0131 ter\u00f6ristleri de \u00f6l\u00fc ve yaral\u0131 d\u00fc\u015f\u00fcrd\u00fc.<\/p>\n<p><span style=\"color: #0000ff\">Hama K\u0131rsal\u0131nda Ter\u00f6ristler \u00d6ld\u00fcr\u00fcld\u00fc Ara\u00e7lar\u0131 \u0130mha Edildi<\/span><\/p>\n<p>Askeri kaynak, ordu birliklerimizin hama k\u0131rsal\u0131 Kefar Zetta, Tel As, Sekik, Buvayda ve \u0130bn Verdan Saray\u0131nda ter\u00f6ristlerin toplanma merkezlerini hedef almalar\u0131 sonucunda \u00e7ok say\u0131da ter\u00f6risti \u00f6l\u00fc ve yaral\u0131 d\u00fc\u015f\u00fcrd\u00fcklerini s\u00f6yledi.<\/p>\n<p>Kaynak, ordu birliklerimizin Hama k\u0131rsal\u0131n\u0131n Maar Kibbe, Duma, Arafe, Zullakiyyat, Ub el Hazne, Kanater, Kastal, Vistani, Hamadi \u00d6mer\u2019in g\u00fcneyi, Cena Albavi, Abu Hubeylat, Tabara el Hamra ve Morik\u2019te ter\u00f6ristlere ait h\u00fccreleri imha ettiklerini \u00e7ok say\u0131da ter\u00f6risti \u00f6l\u00fc ve yaral\u0131 d\u00fc\u015f\u00fcrd\u00fcklerini ifade etti.<\/p>\n<p>Ordu birliklerimiz ayr\u0131ca, Hama k\u0131rsal\u0131 Latamne\u2019de ter\u00f6ristlerin kulland\u0131klar\u0131 bir z\u0131rhl\u0131 arac\u0131 i\u00e7indeki ter\u00f6ristlerle birlikte etkisiz hale getirdi.<\/p>\n<p><span style=\"color: #0000ff\">Lazkiye Kuzey K\u0131rsal\u0131nda \u0130\u00e7indeki Ter\u00f6ristlerle H\u00fccreleri \u0130mha Edildi<\/span><\/p>\n<p>Askeri kaynak, ordu birliklerimizin Lazkiye kuzey k\u0131rsal\u0131n\u0131n Arafit, Ruveyset el Ziyaret, Mu\u011fayriye, Kedin, Ruveyset el Kale, Mu\u015feyrfe, Cub Katu, Ketf el \u011einne, Akko, Kebbane, Ketf el \u011eadr, Tertiyah, Dorin ve Salma\u2019da i\u00e7indeki ter\u00f6ristlerle beraber ter\u00f6ristlere ait h\u00fccre ve ara\u00e7lar\u0131n imha edildi\u011fini vurgulad\u0131.<\/p>\n<p><span style=\"color: #0000ff\">Halep K\u0131rsal\u0131nda Ter\u00f6r H\u00fccreleri \u0130mha Edildi<\/span><\/p>\n<p>Askeri kaynak ordu birliklerimizin Halep k\u0131rsal\u0131 Mansura, Kefar Hamra ve Tel Rafet\u2019te ter\u00f6ristlerin h\u00fccrelerinin hedef al\u0131nmas\u0131 sonucunda \u00e7ok say\u0131da ter\u00f6ristin \u00f6ld\u00fcr\u00fcld\u00fc\u011f\u00fcn\u00fc ara\u00e7lar\u0131n\u0131n da imha edildi\u011fini s\u00f6yledi.<\/p>\n<p>&nbsp;<\/p>\n<p><span style=\"color: #0000ff\">Cobar Harekat\u0131ndan Foto\u011fraf ve Video<\/span><\/p>\n<p>&nbsp;<\/p>\n<div id='gallery-1' class='gallery galleryid-12145 gallery-columns-2 gallery-size-thumbnail'><figure class='gallery-item'>\n\t\t\t<div class='gallery-icon landscape'>\n\t\t\t\t<a href='https:\/\/archive.sana.sy\/tr\/wp-content\/uploads\/2014\/10\/01-15.jpg'><img loading=\"lazy\" decoding=\"async\" width=\"150\" height=\"112\" src=\"https:\/\/archive.sana.sy\/tr\/wp-content\/uploads\/2014\/10\/01-15-150x112.jpg\" class=\"attachment-thumbnail size-thumbnail\" alt=\"\" srcset=\"https:\/\/archive.sana.sy\/tr\/wp-content\/uploads\/2014\/10\/01-15-150x112.jpg 150w, https:\/\/archive.sana.sy\/tr\/wp-content\/uploads\/2014\/10\/01-15-300x225.jpg 300w, https:\/\/archive.sana.sy\/tr\/wp-content\/uploads\/2014\/10\/01-15-1024x768.jpg 1024w, https:\/\/archive.sana.sy\/tr\/wp-content\/uploads\/2014\/10\/01-15.jpg 1440w\" sizes=\"auto, (max-width: 150px) 100vw, 150px\" \/><\/a>\n\t\t\t<\/div><\/figure><figure class='gallery-item'>\n\t\t\t<div class='gallery-icon landscape'>\n\t\t\t\t<a href='https:\/\/archive.sana.sy\/tr\/wp-content\/uploads\/2014\/10\/01-14.jpg'><img loading=\"lazy\" decoding=\"async\" width=\"150\" height=\"112\" src=\"https:\/\/archive.sana.sy\/tr\/wp-content\/uploads\/2014\/10\/01-14-150x112.jpg\" class=\"attachment-thumbnail size-thumbnail\" alt=\"\" srcset=\"https:\/\/archive.sana.sy\/tr\/wp-content\/uploads\/2014\/10\/01-14-150x112.jpg 150w, https:\/\/archive.sana.sy\/tr\/wp-content\/uploads\/2014\/10\/01-14-300x225.jpg 300w, https:\/\/archive.sana.sy\/tr\/wp-content\/uploads\/2014\/10\/01-14-1024x768.jpg 1024w, https:\/\/archive.sana.sy\/tr\/wp-content\/uploads\/2014\/10\/01-14.jpg 1440w\" sizes=\"auto, (max-width: 150px) 100vw, 150px\" \/><\/a>\n\t\t\t<\/div><\/figure><figure class='gallery-item'>\n\t\t\t<div class='gallery-icon landscape'>\n\t\t\t\t<a href='https:\/\/archive.sana.sy\/tr\/wp-content\/uploads\/2014\/10\/01-12.jpg'><img loading=\"lazy\" decoding=\"async\" width=\"150\" height=\"112\" src=\"https:\/\/archive.sana.sy\/tr\/wp-content\/uploads\/2014\/10\/01-12-150x112.jpg\" class=\"attachment-thumbnail size-thumbnail\" alt=\"\" srcset=\"https:\/\/archive.sana.sy\/tr\/wp-content\/uploads\/2014\/10\/01-12-150x112.jpg 150w, https:\/\/archive.sana.sy\/tr\/wp-content\/uploads\/2014\/10\/01-12-300x225.jpg 300w, https:\/\/archive.sana.sy\/tr\/wp-content\/uploads\/2014\/10\/01-12-1024x768.jpg 1024w, https:\/\/archive.sana.sy\/tr\/wp-content\/uploads\/2014\/10\/01-12.jpg 1440w\" sizes=\"auto, (max-width: 150px) 100vw, 150px\" \/><\/a>\n\t\t\t<\/div><\/figure><figure class='gallery-item'>\n\t\t\t<div class='gallery-icon landscape'>\n\t\t\t\t<a href='https:\/\/archive.sana.sy\/tr\/wp-content\/uploads\/2014\/10\/01-7.jpg'><img loading=\"lazy\" decoding=\"async\" width=\"150\" height=\"112\" src=\"https:\/\/archive.sana.sy\/tr\/wp-content\/uploads\/2014\/10\/01-7-150x112.jpg\" class=\"attachment-thumbnail size-thumbnail\" alt=\"\" srcset=\"https:\/\/archive.sana.sy\/tr\/wp-content\/uploads\/2014\/10\/01-7-150x112.jpg 150w, https:\/\/archive.sana.sy\/tr\/wp-content\/uploads\/2014\/10\/01-7-300x225.jpg 300w, https:\/\/archive.sana.sy\/tr\/wp-content\/uploads\/2014\/10\/01-7-1024x768.jpg 1024w, https:\/\/archive.sana.sy\/tr\/wp-content\/uploads\/2014\/10\/01-7.jpg 1440w\" sizes=\"auto, (max-width: 150px) 100vw, 150px\" \/><\/a>\n\t\t\t<\/div><\/figure><figure class='gallery-item'>\n\t\t\t<div class='gallery-icon landscape'>\n\t\t\t\t<a href='https:\/\/archive.sana.sy\/tr\/wp-content\/uploads\/2014\/10\/01-9.jpg'><img loading=\"lazy\" decoding=\"async\" width=\"150\" height=\"112\" src=\"https:\/\/archive.sana.sy\/tr\/wp-content\/uploads\/2014\/10\/01-9-150x112.jpg\" class=\"attachment-thumbnail size-thumbnail\" alt=\"\" srcset=\"https:\/\/archive.sana.sy\/tr\/wp-content\/uploads\/2014\/10\/01-9-150x112.jpg 150w, https:\/\/archive.sana.sy\/tr\/wp-content\/uploads\/2014\/10\/01-9-300x225.jpg 300w, https:\/\/archive.sana.sy\/tr\/wp-content\/uploads\/2014\/10\/01-9-1024x768.jpg 1024w, https:\/\/archive.sana.sy\/tr\/wp-content\/uploads\/2014\/10\/01-9.jpg 1440w\" sizes=\"auto, (max-width: 150px) 100vw, 150px\" \/><\/a>\n\t\t\t<\/div><\/figure><figure class='gallery-item'>\n\t\t\t<div class='gallery-icon landscape'>\n\t\t\t\t<a href='https:\/\/archive.sana.sy\/tr\/wp-content\/uploads\/2014\/10\/01-11.jpg'><img loading=\"lazy\" decoding=\"async\" width=\"150\" height=\"112\" src=\"https:\/\/archive.sana.sy\/tr\/wp-content\/uploads\/2014\/10\/01-11-150x112.jpg\" class=\"attachment-thumbnail size-thumbnail\" alt=\"\" srcset=\"https:\/\/archive.sana.sy\/tr\/wp-content\/uploads\/2014\/10\/01-11-150x112.jpg 150w, https:\/\/archive.sana.sy\/tr\/wp-content\/uploads\/2014\/10\/01-11-300x225.jpg 300w, https:\/\/archive.sana.sy\/tr\/wp-content\/uploads\/2014\/10\/01-11-1024x768.jpg 1024w, https:\/\/archive.sana.sy\/tr\/wp-content\/uploads\/2014\/10\/01-11.jpg 1440w\" sizes=\"auto, (max-width: 150px) 100vw, 150px\" \/><\/a>\n\t\t\t<\/div><\/figure><figure class='gallery-item'>\n\t\t\t<div class='gallery-icon landscape'>\n\t\t\t\t<a href='https:\/\/archive.sana.sy\/tr\/wp-content\/uploads\/2014\/10\/01-6.jpg'><img loading=\"lazy\" decoding=\"async\" width=\"150\" height=\"112\" src=\"https:\/\/archive.sana.sy\/tr\/wp-content\/uploads\/2014\/10\/01-6-150x112.jpg\" class=\"attachment-thumbnail size-thumbnail\" alt=\"\" srcset=\"https:\/\/archive.sana.sy\/tr\/wp-content\/uploads\/2014\/10\/01-6-150x112.jpg 150w, https:\/\/archive.sana.sy\/tr\/wp-content\/uploads\/2014\/10\/01-6-300x225.jpg 300w, https:\/\/archive.sana.sy\/tr\/wp-content\/uploads\/2014\/10\/01-6-1024x768.jpg 1024w, https:\/\/archive.sana.sy\/tr\/wp-content\/uploads\/2014\/10\/01-6.jpg 1440w\" sizes=\"auto, (max-width: 150px) 100vw, 150px\" \/><\/a>\n\t\t\t<\/div><\/figure><figure class='gallery-item'>\n\t\t\t<div class='gallery-icon landscape'>\n\t\t\t\t<a href='https:\/\/archive.sana.sy\/tr\/wp-content\/uploads\/2014\/10\/01-1.jpg'><img loading=\"lazy\" decoding=\"async\" width=\"150\" height=\"112\" src=\"https:\/\/archive.sana.sy\/tr\/wp-content\/uploads\/2014\/10\/01-1-150x112.jpg\" class=\"attachment-thumbnail size-thumbnail\" alt=\"\" srcset=\"https:\/\/archive.sana.sy\/tr\/wp-content\/uploads\/2014\/10\/01-1-150x112.jpg 150w, https:\/\/archive.sana.sy\/tr\/wp-content\/uploads\/2014\/10\/01-1-300x225.jpg 300w, https:\/\/archive.sana.sy\/tr\/wp-content\/uploads\/2014\/10\/01-1-1024x768.jpg 1024w, https:\/\/archive.sana.sy\/tr\/wp-content\/uploads\/2014\/10\/01-1.jpg 1440w\" sizes=\"auto, (max-width: 150px) 100vw, 150px\" \/><\/a>\n\t\t\t<\/div><\/figure><figure class='gallery-item'>\n\t\t\t<div class='gallery-icon landscape'>\n\t\t\t\t<a href='https:\/\/archive.sana.sy\/tr\/wp-content\/uploads\/2014\/10\/01-2.jpg'><img loading=\"lazy\" decoding=\"async\" width=\"150\" height=\"112\" src=\"https:\/\/archive.sana.sy\/tr\/wp-content\/uploads\/2014\/10\/01-2-150x112.jpg\" class=\"attachment-thumbnail size-thumbnail\" alt=\"\" srcset=\"https:\/\/archive.sana.sy\/tr\/wp-content\/uploads\/2014\/10\/01-2-150x112.jpg 150w, https:\/\/archive.sana.sy\/tr\/wp-content\/uploads\/2014\/10\/01-2-300x225.jpg 300w, https:\/\/archive.sana.sy\/tr\/wp-content\/uploads\/2014\/10\/01-2-1024x768.jpg 1024w, https:\/\/archive.sana.sy\/tr\/wp-content\/uploads\/2014\/10\/01-2.jpg 1440w\" sizes=\"auto, (max-width: 150px) 100vw, 150px\" \/><\/a>\n\t\t\t<\/div><\/figure><figure class='gallery-item'>\n\t\t\t<div class='gallery-icon landscape'>\n\t\t\t\t<a href='https:\/\/archive.sana.sy\/tr\/wp-content\/uploads\/2014\/10\/01-4.jpg'><img loading=\"lazy\" decoding=\"async\" width=\"150\" height=\"112\" src=\"https:\/\/archive.sana.sy\/tr\/wp-content\/uploads\/2014\/10\/01-4-150x112.jpg\" class=\"attachment-thumbnail size-thumbnail\" alt=\"\" srcset=\"https:\/\/archive.sana.sy\/tr\/wp-content\/uploads\/2014\/10\/01-4-150x112.jpg 150w, https:\/\/archive.sana.sy\/tr\/wp-content\/uploads\/2014\/10\/01-4-300x225.jpg 300w, https:\/\/archive.sana.sy\/tr\/wp-content\/uploads\/2014\/10\/01-4-1024x768.jpg 1024w, https:\/\/archive.sana.sy\/tr\/wp-content\/uploads\/2014\/10\/01-4.jpg 1440w\" sizes=\"auto, (max-width: 150px) 100vw, 150px\" \/><\/a>\n\t\t\t<\/div><\/figure>\n\t\t<\/div>\n\n<p>&nbsp;<\/p>\n<div style=\"width: 618px;\" class=\"wp-video\"><!--[if lt IE 9]><script>document.createElement('video');<\/script><![endif]-->\n<video class=\"wp-video-shortcode\" id=\"video-12145-1\" width=\"618\" height=\"348\" preload=\"metadata\" controls=\"controls\"><source type=\"video\/x-flv\" src=\"http:\/\/www.sana.sy\/tr\/wp-content\/uploads\/2014\/10\/Cobarda-Harekat.flv?_=1\" \/><a href=\"http:\/\/www.sana.sy\/tr\/wp-content\/uploads\/2014\/10\/Cobarda-Harekat.flv\">http:\/\/www.sana.sy\/tr\/wp-content\/uploads\/2014\/10\/Cobarda-Harekat.flv<\/a><\/video><\/div>\n","protected":false},"excerpt":{"rendered":"<p>\u0130LLER \u2013 Ordu ve silahl\u0131 kuvvetlerimize tabi birliklerimizin hain ve kiral\u0131k ter\u00f6ristlere y\u00f6nelik askeri operasyonlar\u0131n\u0131 t\u00fcm h\u0131z\u0131yla s\u00fcrd\u00fcr\u00fcyor. Operasyonlarda ter\u00f6ristlerin a\u011f\u0131r kay\u0131plar\u0131 da devam ediyor. S\u00f6z konusu operasyonlarda \u00e7ok say\u0131da ter\u00f6rist silah, cephane ve te\u00e7hizat bak\u0131m\u0131ndan da b\u00fcy\u00fck kay\u0131plar verdi. \u015eam K\u0131rsal\u0131nda Ter\u00f6ristler Ara\u00e7lar\u0131yla Etkisiz Hale Getirildi Ordu birliklerimiz Cobar B\u00f6lgesinde ter\u00f6r \u00e7etelerin kulland\u0131klar\u0131 \u00f6nemli &hellip;<\/p>\n","protected":false},"author":1,"featured_media":12251,"comment_status":"closed","ping_status":"closed","sticky":false,"template":"","format":"standard","meta":{"footnotes":""},"categories":[575],"tags":[2991],"class_list":["post-12145","post","type-post","status-publish","format-standard","has-post-thumbnail","","category-olaylar-ve-gercekler","tag-teroristlerin-kahraman-ordu-birliklerimiz-onundeki-agir-kayiplari-suruyor"],"_links":{"self":[{"href":"https:\/\/archive.sana.sy\/tr\/index.php?rest_route=\/wp\/v2\/posts\/12145","targetHints":{"allow":["GET"]}}],"collection":[{"href":"https:\/\/archive.sana.sy\/tr\/index.php?rest_route=\/wp\/v2\/posts"}],"about":[{"href":"https:\/\/archive.sana.sy\/tr\/index.php?rest_route=\/wp\/v2\/types\/post"}],"author":[{"embeddable":true,"href":"https:\/\/archive.sana.sy\/tr\/index.php?rest_route=\/wp\/v2\/users\/1"}],"replies":[{"embeddable":true,"href":"https:\/\/archive.sana.sy\/tr\/index.php?rest_route=%2Fwp%2Fv2%2Fcomments&post=12145"}],"version-history":[{"count":0,"href":"https:\/\/archive.sana.sy\/tr\/index.php?rest_route=\/wp\/v2\/posts\/12145\/revisions"}],"wp:featuredmedia":[{"embeddable":true,"href":"https:\/\/archive.sana.sy\/tr\/index.php?rest_route=\/wp\/v2\/media\/12251"}],"wp:attachment":[{"href":"https:\/\/archive.sana.sy\/tr\/index.php?rest_route=%2Fwp%2Fv2%2Fmedia&parent=12145"}],"wp:term":[{"taxonomy":"category","embeddable":true,"href":"https:\/\/archive.sana.sy\/tr\/index.php?rest_route=%2Fwp%2Fv2%2Fcategories&post=12145"},{"taxonomy":"post_tag","embeddable":true,"href":"https:\/\/archive.sana.sy\/tr\/index.php?rest_route=%2Fwp%2Fv2%2Ftags&post=12145"}],"curies":[{"name":"wp","href":"https:\/\/api.w.org\/{rel}","templated":true}]}}