{"id":121511,"date":"2017-08-11T15:29:26","date_gmt":"2017-08-11T12:29:26","guid":{"rendered":"http:\/\/www.sana.sy\/tr\/?p=121511"},"modified":"2017-08-12T15:17:26","modified_gmt":"2017-08-12T12:17:26","slug":"dunya-sampiyonasinda-bronz-madalya-kazandi","status":"publish","type":"post","link":"https:\/\/archive.sana.sy\/tr\/?p=121511","title":{"rendered":"D\u00fcnya \u015eampiyonas\u0131nda Bronz Madalya Kazand\u0131 (video)"},"content":{"rendered":"<p>BUDAPE\u015eTE \u2013 Macaristan\u2019da d\u00fczenlenen D\u00fcnya Master Y\u00fczme \u015eampiyonas\u0131na kat\u0131lan uluslar aras\u0131 y\u00fcz\u00fcc\u00fcm\u00fcz Firas Mualla 3 km y\u00fczme yar\u0131\u015f\u0131nda bronz madalya kazand\u0131.<\/p>\n<p><a href=\"http:\/\/www.sana.sy\/tr\/wp-content\/uploads\/2017\/08\/Firas-Mualla.jpg-1.jpg\"><img loading=\"lazy\" decoding=\"async\" class=\"alignright wp-image-121521 size-medium\" src=\"http:\/\/www.sana.sy\/tr\/wp-content\/uploads\/2017\/08\/Firas-Mualla.jpg-1-300x168.jpg\" alt=\"\" width=\"300\" height=\"168\" srcset=\"https:\/\/archive.sana.sy\/tr\/wp-content\/uploads\/2017\/08\/Firas-Mualla.jpg-1-300x168.jpg 300w, https:\/\/archive.sana.sy\/tr\/wp-content\/uploads\/2017\/08\/Firas-Mualla.jpg-1-150x84.jpg 150w, https:\/\/archive.sana.sy\/tr\/wp-content\/uploads\/2017\/08\/Firas-Mualla.jpg-1.jpg 660w\" sizes=\"auto, (max-width: 300px) 100vw, 300px\" \/><\/a>D\u00fcnyan\u0131n en iyi y\u00fcz\u00fcc\u00fclerinden 108 yar\u0131\u015fmac\u0131n\u0131n kat\u0131ld\u0131klar\u0131 45-49 ya\u015f aras\u0131 3 km y\u00fczme yar\u0131\u015f\u0131nda 40,40 zaman s\u00fcresi kaydeden Mualla bronz madalyay\u0131 kazan\u0131rken, 38,41 zaman s\u00fcresiyle \u0130talyan y\u00fcz\u00fcc\u00fc Fabio Calmasini alt\u0131n, 40,21 zaman s\u00fcresiyle de Macar y\u00fcz\u00fcc\u00fc Valter Kalaus g\u00fcm\u00fc\u015f madalyay\u0131 kazand\u0131.<\/p>\n<p>Suriye Y\u00fcz\u00fcc\u00fcler Birli\u011fi Ba\u015fkan\u0131 1971 do\u011fumlu Mualla, daha \u00f6nce uluslar aras\u0131 yar\u0131\u015fmalar ve \u015fampiyonluklarda \u00e7ok say\u0131da madalya ve \u00f6d\u00fcle lay\u0131k g\u00f6r\u00fcld\u00fc.<\/p>\n<p>https:\/\/www.youtube.com\/watch?v=M2MpbvpHQEk<\/p>\n","protected":false},"excerpt":{"rendered":"<p>BUDAPE\u015eTE \u2013 Macaristan\u2019da d\u00fczenlenen D\u00fcnya Master Y\u00fczme \u015eampiyonas\u0131na kat\u0131lan uluslar aras\u0131 y\u00fcz\u00fcc\u00fcm\u00fcz Firas Mualla 3 km y\u00fczme yar\u0131\u015f\u0131nda bronz madalya kazand\u0131. D\u00fcnyan\u0131n en iyi y\u00fcz\u00fcc\u00fclerinden 108 yar\u0131\u015fmac\u0131n\u0131n kat\u0131ld\u0131klar\u0131 45-49 ya\u015f aras\u0131 3 km y\u00fczme yar\u0131\u015f\u0131nda 40,40 zaman s\u00fcresi kaydeden Mualla bronz madalyay\u0131 kazan\u0131rken, 38,41 zaman s\u00fcresiyle \u0130talyan y\u00fcz\u00fcc\u00fc Fabio Calmasini alt\u0131n, 40,21 zaman s\u00fcresiyle de &hellip;<\/p>\n","protected":false},"author":1,"featured_media":121519,"comment_status":"closed","ping_status":"closed","sticky":false,"template":"","format":"standard","meta":{"footnotes":""},"categories":[458,498,459,17988,496],"tags":[31803,31802,31805,31806,31804,31800,31799,31801],"class_list":["post-121511","post","type-post","status-publish","format-standard","has-post-thumbnail","","category-dunya1","category-dunya-turnuvalari","category-haberler-arap-uluslararasi-politika","category-son-haberler","category-spor","tag-108-yarismaci","tag-3-km-yuzme","tag-31805","tag-41-zaman","tag-45-49-yas-arasi-3-km","tag-dunya-master-yuzme-sampiyonasina","tag-macaristan","tag-uluslar-arasi-yuzucumuz-firas-mualla"],"_links":{"self":[{"href":"https:\/\/archive.sana.sy\/tr\/index.php?rest_route=\/wp\/v2\/posts\/121511","targetHints":{"allow":["GET"]}}],"collection":[{"href":"https:\/\/archive.sana.sy\/tr\/index.php?rest_route=\/wp\/v2\/posts"}],"about":[{"href":"https:\/\/archive.sana.sy\/tr\/index.php?rest_route=\/wp\/v2\/types\/post"}],"author":[{"embeddable":true,"href":"https:\/\/archive.sana.sy\/tr\/index.php?rest_route=\/wp\/v2\/users\/1"}],"replies":[{"embeddable":true,"href":"https:\/\/archive.sana.sy\/tr\/index.php?rest_route=%2Fwp%2Fv2%2Fcomments&post=121511"}],"version-history":[{"count":0,"href":"https:\/\/archive.sana.sy\/tr\/index.php?rest_route=\/wp\/v2\/posts\/121511\/revisions"}],"wp:featuredmedia":[{"embeddable":true,"href":"https:\/\/archive.sana.sy\/tr\/index.php?rest_route=\/wp\/v2\/media\/121519"}],"wp:attachment":[{"href":"https:\/\/archive.sana.sy\/tr\/index.php?rest_route=%2Fwp%2Fv2%2Fmedia&parent=121511"}],"wp:term":[{"taxonomy":"category","embeddable":true,"href":"https:\/\/archive.sana.sy\/tr\/index.php?rest_route=%2Fwp%2Fv2%2Fcategories&post=121511"},{"taxonomy":"post_tag","embeddable":true,"href":"https:\/\/archive.sana.sy\/tr\/index.php?rest_route=%2Fwp%2Fv2%2Ftags&post=121511"}],"curies":[{"name":"wp","href":"https:\/\/api.w.org\/{rel}","templated":true}]}}