{"id":121525,"date":"2017-08-11T13:01:48","date_gmt":"2017-08-11T10:01:48","guid":{"rendered":"http:\/\/www.sana.sy\/tr\/?p=121525"},"modified":"2017-08-12T14:41:16","modified_gmt":"2017-08-12T11:41:16","slug":"engelli-cocuklara-destek-amacli-tiyatro","status":"publish","type":"post","link":"https:\/\/archive.sana.sy\/tr\/?p=121525","title":{"rendered":"Engelli \u00c7ocuklara Destek Ama\u00e7l\u0131 Tiyatro"},"content":{"rendered":"<p>\u015eAM \u2013 Engelli \u00e7ocuklara destek amac\u0131yla Lamar Tiyatro Sanat Grubu ba\u015fkent \u015eam\u2019daki Kabbani Tiyatro Salonunda \u2018Selim\u2019in G\u00fcn\u00fc\u2019 adl\u0131 tiyatro oyununu sergiliyor.<\/p>\n<p>Tiyatro oyununda otizm hastal\u0131\u011f\u0131na yakalanm\u0131\u015f olan ve okulda arkada\u015flar\u0131 taraf\u0131ndan k\u00f6t\u00fc muameleye maruz kalan Selim adl\u0131 \u00e7ocu\u011fun hikayesi anlat\u0131l\u0131yor. Selim oyunda toplum taraf\u0131ndan da elinden hi\u00e7bir \u015fey gelemeyen engelli bir \u00e7ocuk olarak g\u00f6r\u00fclse de, nadir insanlar\u0131n sahip olacaklar\u0131 bir yetene\u011fe sahiptir<\/p>\n","protected":false},"excerpt":{"rendered":"<p>\u015eAM \u2013 Engelli \u00e7ocuklara destek amac\u0131yla Lamar Tiyatro Sanat Grubu ba\u015fkent \u015eam\u2019daki Kabbani Tiyatro Salonunda \u2018Selim\u2019in G\u00fcn\u00fc\u2019 adl\u0131 tiyatro oyununu sergiliyor. Tiyatro oyununda otizm hastal\u0131\u011f\u0131na yakalanm\u0131\u015f olan ve okulda arkada\u015flar\u0131 taraf\u0131ndan k\u00f6t\u00fc muameleye maruz kalan Selim adl\u0131 \u00e7ocu\u011fun hikayesi anlat\u0131l\u0131yor. Selim oyunda toplum taraf\u0131ndan da elinden hi\u00e7bir \u015fey gelemeyen engelli bir \u00e7ocuk olarak g\u00f6r\u00fclse de, &hellip;<\/p>\n","protected":false},"author":1,"featured_media":121528,"comment_status":"closed","ping_status":"closed","sticky":false,"template":"","format":"standard","meta":{"footnotes":""},"categories":[516,479,511,17988,478],"tags":[30081,31812,31811,2755,31813],"class_list":["post-121525","post","type-post","status-publish","format-standard","has-post-thumbnail","","category-haberler-kultur-ve-sanat","category-haberler-yerel","category-kultur-ve-sanat","category-son-haberler","category-yerel","tag-engelli-cocuklar","tag-kabbani-tiyatro-salonunda","tag-lamar-tiyatro-sanat-grubu","tag-sam","tag-selimin-gunu"],"_links":{"self":[{"href":"https:\/\/archive.sana.sy\/tr\/index.php?rest_route=\/wp\/v2\/posts\/121525","targetHints":{"allow":["GET"]}}],"collection":[{"href":"https:\/\/archive.sana.sy\/tr\/index.php?rest_route=\/wp\/v2\/posts"}],"about":[{"href":"https:\/\/archive.sana.sy\/tr\/index.php?rest_route=\/wp\/v2\/types\/post"}],"author":[{"embeddable":true,"href":"https:\/\/archive.sana.sy\/tr\/index.php?rest_route=\/wp\/v2\/users\/1"}],"replies":[{"embeddable":true,"href":"https:\/\/archive.sana.sy\/tr\/index.php?rest_route=%2Fwp%2Fv2%2Fcomments&post=121525"}],"version-history":[{"count":0,"href":"https:\/\/archive.sana.sy\/tr\/index.php?rest_route=\/wp\/v2\/posts\/121525\/revisions"}],"wp:featuredmedia":[{"embeddable":true,"href":"https:\/\/archive.sana.sy\/tr\/index.php?rest_route=\/wp\/v2\/media\/121528"}],"wp:attachment":[{"href":"https:\/\/archive.sana.sy\/tr\/index.php?rest_route=%2Fwp%2Fv2%2Fmedia&parent=121525"}],"wp:term":[{"taxonomy":"category","embeddable":true,"href":"https:\/\/archive.sana.sy\/tr\/index.php?rest_route=%2Fwp%2Fv2%2Fcategories&post=121525"},{"taxonomy":"post_tag","embeddable":true,"href":"https:\/\/archive.sana.sy\/tr\/index.php?rest_route=%2Fwp%2Fv2%2Ftags&post=121525"}],"curies":[{"name":"wp","href":"https:\/\/api.w.org\/{rel}","templated":true}]}}