{"id":121527,"date":"2017-08-11T16:04:19","date_gmt":"2017-08-11T13:04:19","guid":{"rendered":"http:\/\/www.sana.sy\/tr\/?p=121527"},"modified":"2017-08-12T14:41:12","modified_gmt":"2017-08-12T11:41:12","slug":"suriyelilerin-iradesini-ve-yurtseverligini-kanitliyor","status":"publish","type":"post","link":"https:\/\/archive.sana.sy\/tr\/?p=121527","title":{"rendered":"Suriyelilerin \u0130radesini ve Yurtseverli\u011fini Kan\u0131tl\u0131yor"},"content":{"rendered":"<p>HOMS \u2013Ter\u00f6r sald\u0131r\u0131lar\u0131 ve ko\u015fullar nedeniyle y\u0131llar s\u00fcren aradan sonra Rabbah K\u00fclt\u00fcr Sanat Festivali Homs\u2019ta yeniden d\u00fczenlenmeye ba\u015flad\u0131.<\/p>\n<p>Be\u015f g\u00fcn s\u00fcren festivalde muhtelif k\u00fclt\u00fcr sanat faaliyetlerinin yan\u0131 s\u0131ra edebiyat, spor ve e\u011flence etkinlikleri de d\u00fczenleniyor.<\/p>\n<p>Festival a\u00e7\u0131l\u0131\u015f\u0131na kat\u0131lan Homs Valisi Talal el Berazi; binlerce y\u0131la dayanan k\u00fclt\u00fcr ve medeniyete sahip Suriye ve halk\u0131n\u0131n, ordu birliklerimizin ter\u00f6r ve destek\u00e7ilerine kar\u015f\u0131 zaferleri sayesinde yeniden k\u00fclt\u00fcrel ve sanatsal faaliyetlerini s\u00fcrd\u00fcrmelerinin halk\u0131n iradesini ve yurtseverli\u011fini yans\u0131tt\u0131\u011f\u0131n\u0131 belirtti.<\/p>\n","protected":false},"excerpt":{"rendered":"<p>HOMS \u2013Ter\u00f6r sald\u0131r\u0131lar\u0131 ve ko\u015fullar nedeniyle y\u0131llar s\u00fcren aradan sonra Rabbah K\u00fclt\u00fcr Sanat Festivali Homs\u2019ta yeniden d\u00fczenlenmeye ba\u015flad\u0131. Be\u015f g\u00fcn s\u00fcren festivalde muhtelif k\u00fclt\u00fcr sanat faaliyetlerinin yan\u0131 s\u0131ra edebiyat, spor ve e\u011flence etkinlikleri de d\u00fczenleniyor. Festival a\u00e7\u0131l\u0131\u015f\u0131na kat\u0131lan Homs Valisi Talal el Berazi; binlerce y\u0131la dayanan k\u00fclt\u00fcr ve medeniyete sahip Suriye ve halk\u0131n\u0131n, ordu birliklerimizin &hellip;<\/p>\n","protected":false},"author":1,"featured_media":121530,"comment_status":"closed","ping_status":"closed","sticky":false,"template":"","format":"standard","meta":{"footnotes":""},"categories":[479,516,511,17988,478],"tags":[1293,28446,2695,31814,20510],"class_list":["post-121527","post","type-post","status-publish","format-standard","has-post-thumbnail","","category-haberler-yerel","category-haberler-kultur-ve-sanat","category-kultur-ve-sanat","category-son-haberler","category-yerel","tag-homs","tag-homs-valisi-talal-el-berazi","tag-ordu-birliklerimiz","tag-rabbah-kultur-sanat-festivali","tag-teror-saldirilari"],"_links":{"self":[{"href":"https:\/\/archive.sana.sy\/tr\/index.php?rest_route=\/wp\/v2\/posts\/121527","targetHints":{"allow":["GET"]}}],"collection":[{"href":"https:\/\/archive.sana.sy\/tr\/index.php?rest_route=\/wp\/v2\/posts"}],"about":[{"href":"https:\/\/archive.sana.sy\/tr\/index.php?rest_route=\/wp\/v2\/types\/post"}],"author":[{"embeddable":true,"href":"https:\/\/archive.sana.sy\/tr\/index.php?rest_route=\/wp\/v2\/users\/1"}],"replies":[{"embeddable":true,"href":"https:\/\/archive.sana.sy\/tr\/index.php?rest_route=%2Fwp%2Fv2%2Fcomments&post=121527"}],"version-history":[{"count":0,"href":"https:\/\/archive.sana.sy\/tr\/index.php?rest_route=\/wp\/v2\/posts\/121527\/revisions"}],"wp:featuredmedia":[{"embeddable":true,"href":"https:\/\/archive.sana.sy\/tr\/index.php?rest_route=\/wp\/v2\/media\/121530"}],"wp:attachment":[{"href":"https:\/\/archive.sana.sy\/tr\/index.php?rest_route=%2Fwp%2Fv2%2Fmedia&parent=121527"}],"wp:term":[{"taxonomy":"category","embeddable":true,"href":"https:\/\/archive.sana.sy\/tr\/index.php?rest_route=%2Fwp%2Fv2%2Fcategories&post=121527"},{"taxonomy":"post_tag","embeddable":true,"href":"https:\/\/archive.sana.sy\/tr\/index.php?rest_route=%2Fwp%2Fv2%2Ftags&post=121527"}],"curies":[{"name":"wp","href":"https:\/\/api.w.org\/{rel}","templated":true}]}}