{"id":12160,"date":"2014-10-02T15:49:22","date_gmt":"2014-10-02T12:49:22","guid":{"rendered":"http:\/\/www.sana.sy\/tr\/?p=12160"},"modified":"2014-10-02T16:49:37","modified_gmt":"2014-10-02T13:49:37","slug":"askeri-bir-kaynak-ordu-birliklerimizin-dera-kirsalinda-otman-tel-el-elakiye-tel-antar-deyr-el-ades-anhel-ve-nova-beldelerinde-baslattigi-operasyonlarda-cok-sayida-teroristi-olu-ve-yarali-dusurdugi","status":"publish","type":"post","link":"https:\/\/archive.sana.sy\/tr\/?p=12160","title":{"rendered":"Askeri bir kaynak ordu birliklerimizin Dera k\u0131rsal\u0131nda Otman, Tel el Elakiye, Tel Antar, Deyr el Ades, Anhel ve Nova beldelerinde ba\u015flatt\u0131\u011f\u0131 operasyonlarda \u00e7ok say\u0131da ter\u00f6risti \u00f6l\u00fc ve yaral\u0131 d\u00fc\u015f\u00fcrd\u00fc\u011fini belirtti."},"content":{"rendered":"<p>Askeri bir kaynak ordu birliklerimizin Dera k\u0131rsal\u0131nda Otman, Tel el Elakiye, Tel Antar, Deyr el Ades, Anhel ve Nova beldelerinde ba\u015flatt\u0131\u011f\u0131 operasyonlarda \u00e7ok say\u0131da ter\u00f6risti \u00f6l\u00fc ve yaral\u0131 d\u00fc\u015f\u00fcrd\u00fc\u011fini belirtti.<\/p>\n","protected":false},"excerpt":{"rendered":"<p>Askeri bir kaynak ordu birliklerimizin Dera k\u0131rsal\u0131nda Otman, Tel el Elakiye, Tel Antar, Deyr el Ades, Anhel ve Nova beldelerinde ba\u015flatt\u0131\u011f\u0131 operasyonlarda \u00e7ok say\u0131da ter\u00f6risti \u00f6l\u00fc ve yaral\u0131 d\u00fc\u015f\u00fcrd\u00fc\u011fini belirtti.<\/p>\n","protected":false},"author":1,"featured_media":0,"comment_status":"closed","ping_status":"closed","sticky":false,"template":"","format":"standard","meta":{"footnotes":""},"categories":[1],"tags":[3001,2998,3000,2225,2999],"class_list":["post-12160","post","type-post","status-publish","format-standard","","category-news-not-sorted","tag-anhel-ve-nova-beldelerinde-baslattigi-operasyonlarda-cok-sayida-teroristi-olu-ve-yarali-dusurdugini-belirtti","tag-askeri-bir-kaynak-ordu-birliklerimizin-dera-kirsalinda-otman","tag-deyr-el-ades","tag-tel-antar","tag-tel-el-elakiye"],"_links":{"self":[{"href":"https:\/\/archive.sana.sy\/tr\/index.php?rest_route=\/wp\/v2\/posts\/12160","targetHints":{"allow":["GET"]}}],"collection":[{"href":"https:\/\/archive.sana.sy\/tr\/index.php?rest_route=\/wp\/v2\/posts"}],"about":[{"href":"https:\/\/archive.sana.sy\/tr\/index.php?rest_route=\/wp\/v2\/types\/post"}],"author":[{"embeddable":true,"href":"https:\/\/archive.sana.sy\/tr\/index.php?rest_route=\/wp\/v2\/users\/1"}],"replies":[{"embeddable":true,"href":"https:\/\/archive.sana.sy\/tr\/index.php?rest_route=%2Fwp%2Fv2%2Fcomments&post=12160"}],"version-history":[{"count":0,"href":"https:\/\/archive.sana.sy\/tr\/index.php?rest_route=\/wp\/v2\/posts\/12160\/revisions"}],"wp:attachment":[{"href":"https:\/\/archive.sana.sy\/tr\/index.php?rest_route=%2Fwp%2Fv2%2Fmedia&parent=12160"}],"wp:term":[{"taxonomy":"category","embeddable":true,"href":"https:\/\/archive.sana.sy\/tr\/index.php?rest_route=%2Fwp%2Fv2%2Fcategories&post=12160"},{"taxonomy":"post_tag","embeddable":true,"href":"https:\/\/archive.sana.sy\/tr\/index.php?rest_route=%2Fwp%2Fv2%2Ftags&post=12160"}],"curies":[{"name":"wp","href":"https:\/\/api.w.org\/{rel}","templated":true}]}}