{"id":12174,"date":"2014-10-02T16:43:50","date_gmt":"2014-10-02T13:43:50","guid":{"rendered":"http:\/\/www.sana.sy\/tr\/?p=12174"},"modified":"2014-10-02T16:43:50","modified_gmt":"2014-10-02T13:43:50","slug":"kitleler-hem-egleniyor-hem-de-alisveris-yapiyorlar","status":"publish","type":"post","link":"https:\/\/archive.sana.sy\/tr\/?p=12174","title":{"rendered":"Kitleler Hem E\u011fleniyor Hem de Al\u0131\u015fveri\u015f Yap\u0131yorlar"},"content":{"rendered":"<p>\u015eAM \u2013 D\u00fcn \u015eam\u2019da el \u015eark Kul\u00fcb\u00fc Salonunda faaliyetlerine ba\u015flayan Al\u0131\u015fveri\u015f Festivali \u00e7er\u00e7evesinde 70 gencin kat\u0131l\u0131m\u0131yla a\u00e7\u0131lan geleneksel \u00fcr\u00fcnler stand\u0131 geni\u015f kitlelerin ilgisini \u00e7ekti.<\/p>\n<p>Festival Organizasyonu Sorumlusu Nansi Aclani, SANA Ya\u015fam B\u00fcltenine yapt\u0131\u011f\u0131 a\u00e7\u0131klamada; BREY\u011eMA Fuar ve Konferans Organizasyon \u015firketi taraf\u0131ndan organize edilen festivalin bir pazardan ibaret oldu\u011funa i\u015faret ederek bu pazar\u0131n en dikkat \u00e7ekici y\u00f6n\u00fcn\u00fcn b\u00fcy\u00fck miktarda \u00e7ocuk ve bayan giyimi bulunmas\u0131 oldu\u011funu belirtti.<\/p>\n<p>Al\u0131\u015fveri\u015f Festivalinde al\u0131\u015fveri\u015f d\u0131\u015f\u0131nda e\u011flence faaliyetlerine de yer verildi\u011fine i\u015faret eden Aclani; al\u0131\u015fveri\u015f i\u00e7in pazar yerini ziyaret edenlerin zevkle izledikleri e\u011flence programlar\u0131nda ayr\u0131ca e\u011flenceli yar\u0131\u015fmalar d\u00fczenlenerek kazananlara hediyeler da\u011f\u0131t\u0131ld\u0131\u011f\u0131n\u0131 belirtti.<\/p>\n<div id='gallery-1' class='gallery galleryid-12174 gallery-columns-3 gallery-size-thumbnail'><figure class='gallery-item'>\n\t\t\t<div class='gallery-icon landscape'>\n\t\t\t\t<a href='https:\/\/archive.sana.sy\/tr\/?attachment_id=12176'><img loading=\"lazy\" decoding=\"async\" width=\"150\" height=\"113\" src=\"https:\/\/archive.sana.sy\/tr\/wp-content\/uploads\/2014\/10\/001-150x113.jpg\" class=\"attachment-thumbnail size-thumbnail\" alt=\"\" srcset=\"https:\/\/archive.sana.sy\/tr\/wp-content\/uploads\/2014\/10\/001-150x113.jpg 150w, https:\/\/archive.sana.sy\/tr\/wp-content\/uploads\/2014\/10\/001-300x227.jpg 300w, https:\/\/archive.sana.sy\/tr\/wp-content\/uploads\/2014\/10\/001-1024x774.jpg 1024w\" sizes=\"auto, (max-width: 150px) 100vw, 150px\" \/><\/a>\n\t\t\t<\/div><\/figure><figure class='gallery-item'>\n\t\t\t<div class='gallery-icon landscape'>\n\t\t\t\t<a href='https:\/\/archive.sana.sy\/tr\/?attachment_id=12177'><img loading=\"lazy\" decoding=\"async\" width=\"150\" height=\"107\" src=\"https:\/\/archive.sana.sy\/tr\/wp-content\/uploads\/2014\/10\/002-150x107.jpg\" class=\"attachment-thumbnail size-thumbnail\" alt=\"\" srcset=\"https:\/\/archive.sana.sy\/tr\/wp-content\/uploads\/2014\/10\/002-150x107.jpg 150w, https:\/\/archive.sana.sy\/tr\/wp-content\/uploads\/2014\/10\/002-300x215.jpg 300w, https:\/\/archive.sana.sy\/tr\/wp-content\/uploads\/2014\/10\/002-1024x735.jpg 1024w\" sizes=\"auto, (max-width: 150px) 100vw, 150px\" \/><\/a>\n\t\t\t<\/div><\/figure><figure class='gallery-item'>\n\t\t\t<div class='gallery-icon landscape'>\n\t\t\t\t<a href='https:\/\/archive.sana.sy\/tr\/?attachment_id=12178'><img loading=\"lazy\" decoding=\"async\" width=\"150\" height=\"108\" src=\"https:\/\/archive.sana.sy\/tr\/wp-content\/uploads\/2014\/10\/003-150x108.jpg\" class=\"attachment-thumbnail size-thumbnail\" alt=\"\" srcset=\"https:\/\/archive.sana.sy\/tr\/wp-content\/uploads\/2014\/10\/003-150x108.jpg 150w, https:\/\/archive.sana.sy\/tr\/wp-content\/uploads\/2014\/10\/003-300x216.jpg 300w, https:\/\/archive.sana.sy\/tr\/wp-content\/uploads\/2014\/10\/003-1024x738.jpg 1024w\" sizes=\"auto, (max-width: 150px) 100vw, 150px\" \/><\/a>\n\t\t\t<\/div><\/figure><figure class='gallery-item'>\n\t\t\t<div class='gallery-icon landscape'>\n\t\t\t\t<a href='https:\/\/archive.sana.sy\/tr\/?attachment_id=12179'><img loading=\"lazy\" decoding=\"async\" width=\"150\" height=\"105\" src=\"https:\/\/archive.sana.sy\/tr\/wp-content\/uploads\/2014\/10\/004-150x105.jpg\" class=\"attachment-thumbnail size-thumbnail\" alt=\"\" srcset=\"https:\/\/archive.sana.sy\/tr\/wp-content\/uploads\/2014\/10\/004-150x105.jpg 150w, https:\/\/archive.sana.sy\/tr\/wp-content\/uploads\/2014\/10\/004-300x210.jpg 300w, https:\/\/archive.sana.sy\/tr\/wp-content\/uploads\/2014\/10\/004-1024x718.jpg 1024w\" sizes=\"auto, (max-width: 150px) 100vw, 150px\" \/><\/a>\n\t\t\t<\/div><\/figure><figure class='gallery-item'>\n\t\t\t<div class='gallery-icon landscape'>\n\t\t\t\t<a href='https:\/\/archive.sana.sy\/tr\/?attachment_id=12180'><img loading=\"lazy\" decoding=\"async\" width=\"150\" height=\"110\" src=\"https:\/\/archive.sana.sy\/tr\/wp-content\/uploads\/2014\/10\/005-150x110.jpg\" class=\"attachment-thumbnail size-thumbnail\" alt=\"\" srcset=\"https:\/\/archive.sana.sy\/tr\/wp-content\/uploads\/2014\/10\/005-150x110.jpg 150w, https:\/\/archive.sana.sy\/tr\/wp-content\/uploads\/2014\/10\/005-300x220.jpg 300w, https:\/\/archive.sana.sy\/tr\/wp-content\/uploads\/2014\/10\/005-1024x754.jpg 1024w\" sizes=\"auto, (max-width: 150px) 100vw, 150px\" \/><\/a>\n\t\t\t<\/div><\/figure><figure class='gallery-item'>\n\t\t\t<div class='gallery-icon landscape'>\n\t\t\t\t<a href='https:\/\/archive.sana.sy\/tr\/?attachment_id=12181'><img loading=\"lazy\" decoding=\"async\" width=\"150\" height=\"99\" src=\"https:\/\/archive.sana.sy\/tr\/wp-content\/uploads\/2014\/10\/006-150x99.jpg\" class=\"attachment-thumbnail size-thumbnail\" alt=\"\" srcset=\"https:\/\/archive.sana.sy\/tr\/wp-content\/uploads\/2014\/10\/006-150x99.jpg 150w, https:\/\/archive.sana.sy\/tr\/wp-content\/uploads\/2014\/10\/006-300x199.jpg 300w, https:\/\/archive.sana.sy\/tr\/wp-content\/uploads\/2014\/10\/006-1024x681.jpg 1024w\" sizes=\"auto, (max-width: 150px) 100vw, 150px\" \/><\/a>\n\t\t\t<\/div><\/figure>\n\t\t<\/div>\n\n","protected":false},"excerpt":{"rendered":"<p>\u015eAM \u2013 D\u00fcn \u015eam\u2019da el \u015eark Kul\u00fcb\u00fc Salonunda faaliyetlerine ba\u015flayan Al\u0131\u015fveri\u015f Festivali \u00e7er\u00e7evesinde 70 gencin kat\u0131l\u0131m\u0131yla a\u00e7\u0131lan geleneksel \u00fcr\u00fcnler stand\u0131 geni\u015f kitlelerin ilgisini \u00e7ekti. Festival Organizasyonu Sorumlusu Nansi Aclani, SANA Ya\u015fam B\u00fcltenine yapt\u0131\u011f\u0131 a\u00e7\u0131klamada; BREY\u011eMA Fuar ve Konferans Organizasyon \u015firketi taraf\u0131ndan organize edilen festivalin bir pazardan ibaret oldu\u011funa i\u015faret ederek bu pazar\u0131n en dikkat \u00e7ekici &hellip;<\/p>\n","protected":false},"author":1,"featured_media":12175,"comment_status":"closed","ping_status":"closed","sticky":false,"template":"","format":"standard","meta":{"footnotes":""},"categories":[596,526,525],"tags":[3003],"class_list":["post-12174","post","type-post","status-publish","format-standard","has-post-thumbnail","","category-fotografli-raporlar","category-haber-ve-raporlar","category-toplum","tag-kitleler-hem-egleniyor-hem-de-alisveris-yapiyorlar"],"_links":{"self":[{"href":"https:\/\/archive.sana.sy\/tr\/index.php?rest_route=\/wp\/v2\/posts\/12174","targetHints":{"allow":["GET"]}}],"collection":[{"href":"https:\/\/archive.sana.sy\/tr\/index.php?rest_route=\/wp\/v2\/posts"}],"about":[{"href":"https:\/\/archive.sana.sy\/tr\/index.php?rest_route=\/wp\/v2\/types\/post"}],"author":[{"embeddable":true,"href":"https:\/\/archive.sana.sy\/tr\/index.php?rest_route=\/wp\/v2\/users\/1"}],"replies":[{"embeddable":true,"href":"https:\/\/archive.sana.sy\/tr\/index.php?rest_route=%2Fwp%2Fv2%2Fcomments&post=12174"}],"version-history":[{"count":0,"href":"https:\/\/archive.sana.sy\/tr\/index.php?rest_route=\/wp\/v2\/posts\/12174\/revisions"}],"wp:featuredmedia":[{"embeddable":true,"href":"https:\/\/archive.sana.sy\/tr\/index.php?rest_route=\/wp\/v2\/media\/12175"}],"wp:attachment":[{"href":"https:\/\/archive.sana.sy\/tr\/index.php?rest_route=%2Fwp%2Fv2%2Fmedia&parent=12174"}],"wp:term":[{"taxonomy":"category","embeddable":true,"href":"https:\/\/archive.sana.sy\/tr\/index.php?rest_route=%2Fwp%2Fv2%2Fcategories&post=12174"},{"taxonomy":"post_tag","embeddable":true,"href":"https:\/\/archive.sana.sy\/tr\/index.php?rest_route=%2Fwp%2Fv2%2Ftags&post=12174"}],"curies":[{"name":"wp","href":"https:\/\/api.w.org\/{rel}","templated":true}]}}