{"id":12189,"date":"2014-10-02T17:16:30","date_gmt":"2014-10-02T14:16:30","guid":{"rendered":"http:\/\/www.sana.sy\/tr\/?p=12189"},"modified":"2014-10-03T12:52:01","modified_gmt":"2014-10-03T09:52:01","slug":"hain-havan-mermileri-can-aldi","status":"publish","type":"post","link":"https:\/\/archive.sana.sy\/tr\/?p=12189","title":{"rendered":"Hain Havan Mermileri Can Ald\u0131"},"content":{"rendered":"<p>\u015eAM \u2013 \u015eam\u2019\u0131n muhtelif b\u00f6lgelerine ter\u00f6r \u00f6rg\u00fctleri taraf\u0131ndan yap\u0131lan hain havan mermileri sald\u0131r\u0131lar\u0131 sonucunda bir vatanda\u015f \u015fehit, yedi vatanda\u015f yaraland\u0131.<\/p>\n<p>Kaymeriyye Semtinde d\u00fc\u015fen bir havan mermisinin bir vatanda\u015f\u0131n \u015fehit olmas\u0131na, biri kad\u0131n iki vatanda\u015f\u0131n yaralanmas\u0131na ve maddi hasarlara yol a\u00e7t\u0131\u011f\u0131 belirtilirken Bab \u015earki Semtinde havan mermisi sonucu d\u00f6rt vatanda\u015f\u0131n yaralanmas\u0131 yan\u0131 s\u0131ra maddi hasara yol a\u00e7t\u0131.<\/p>\n<p>\u015eam k\u0131rsal\u0131nda Ceremana Kentinde ise bir vatanda\u015f yaraland\u0131, baz\u0131 araba ve i\u015f yerlerinde maddi hasar olu\u015ftu.<\/p>\n","protected":false},"excerpt":{"rendered":"<p>\u015eAM \u2013 \u015eam\u2019\u0131n muhtelif b\u00f6lgelerine ter\u00f6r \u00f6rg\u00fctleri taraf\u0131ndan yap\u0131lan hain havan mermileri sald\u0131r\u0131lar\u0131 sonucunda bir vatanda\u015f \u015fehit, yedi vatanda\u015f yaraland\u0131. Kaymeriyye Semtinde d\u00fc\u015fen bir havan mermisinin bir vatanda\u015f\u0131n \u015fehit olmas\u0131na, biri kad\u0131n iki vatanda\u015f\u0131n yaralanmas\u0131na ve maddi hasarlara yol a\u00e7t\u0131\u011f\u0131 belirtilirken Bab \u015earki Semtinde havan mermisi sonucu d\u00f6rt vatanda\u015f\u0131n yaralanmas\u0131 yan\u0131 s\u0131ra maddi hasara yol &hellip;<\/p>\n","protected":false},"author":1,"featured_media":12190,"comment_status":"closed","ping_status":"closed","sticky":false,"template":"","format":"standard","meta":{"footnotes":""},"categories":[479,575,478],"tags":[3005],"class_list":["post-12189","post","type-post","status-publish","format-standard","has-post-thumbnail","","category-haberler-yerel","category-olaylar-ve-gercekler","category-yerel","tag-hain-havan-mermileri-can-aldi"],"_links":{"self":[{"href":"https:\/\/archive.sana.sy\/tr\/index.php?rest_route=\/wp\/v2\/posts\/12189","targetHints":{"allow":["GET"]}}],"collection":[{"href":"https:\/\/archive.sana.sy\/tr\/index.php?rest_route=\/wp\/v2\/posts"}],"about":[{"href":"https:\/\/archive.sana.sy\/tr\/index.php?rest_route=\/wp\/v2\/types\/post"}],"author":[{"embeddable":true,"href":"https:\/\/archive.sana.sy\/tr\/index.php?rest_route=\/wp\/v2\/users\/1"}],"replies":[{"embeddable":true,"href":"https:\/\/archive.sana.sy\/tr\/index.php?rest_route=%2Fwp%2Fv2%2Fcomments&post=12189"}],"version-history":[{"count":0,"href":"https:\/\/archive.sana.sy\/tr\/index.php?rest_route=\/wp\/v2\/posts\/12189\/revisions"}],"wp:featuredmedia":[{"embeddable":true,"href":"https:\/\/archive.sana.sy\/tr\/index.php?rest_route=\/wp\/v2\/media\/12190"}],"wp:attachment":[{"href":"https:\/\/archive.sana.sy\/tr\/index.php?rest_route=%2Fwp%2Fv2%2Fmedia&parent=12189"}],"wp:term":[{"taxonomy":"category","embeddable":true,"href":"https:\/\/archive.sana.sy\/tr\/index.php?rest_route=%2Fwp%2Fv2%2Fcategories&post=12189"},{"taxonomy":"post_tag","embeddable":true,"href":"https:\/\/archive.sana.sy\/tr\/index.php?rest_route=%2Fwp%2Fv2%2Ftags&post=12189"}],"curies":[{"name":"wp","href":"https:\/\/api.w.org\/{rel}","templated":true}]}}