{"id":122131,"date":"2017-08-17T11:05:36","date_gmt":"2017-08-17T08:05:36","guid":{"rendered":"http:\/\/www.sana.sy\/tr\/?p=122131"},"modified":"2017-08-18T14:05:38","modified_gmt":"2017-08-18T11:05:38","slug":"beklenen-fuar-bugun-resmi-olarak-aciliyor","status":"publish","type":"post","link":"https:\/\/archive.sana.sy\/tr\/?p=122131","title":{"rendered":"Beklenen Fuar Bug\u00fcn Resmi Olarak A\u00e7\u0131l\u0131yor (video)"},"content":{"rendered":"<p>\u015eAM \u2013 En b\u00fcy\u00fck ekonomik, sosyal ve k\u00fclt\u00fcrel faaliyet say\u0131lan 59. Uluslararas\u0131 \u015eam Fuar\u0131; Suriye ve halk\u0131na dayat\u0131lan sava\u015f nedeniyle be\u015f y\u0131l s\u00fcren kesintiden sonra bug\u00fcn ak\u015fam saatlerinde Cumhurba\u015fkan\u0131 Be\u015f\u015far el Esad\u2019\u0131n g\u00f6zetimi at\u0131nda \u015eam k\u0131rsal\u0131 Uluslararas\u0131 Havaalan\u0131 yolu \u00fczerindeki Fuarlar Kentinde faaliyetlerine ba\u015fl\u0131yor.<\/p>\n<p>23\u2019\u00fc resmi olarak b\u00fcy\u00fckel\u00e7ilikleri arac\u0131l\u0131\u011f\u0131 ile, 20\u2019si de \u015firketleri arac\u0131l\u0131\u011f\u0131 ile toplam 43 yabanc\u0131 devletin kat\u0131ld\u0131klar\u0131 fuarda 17-26 A\u011fustos tarihleri s\u00fcresince ekonomik ve ticari faaliyetlerin yan\u0131 s\u0131ra k\u00fclt\u00fcrel ve sanatsal etkinlikler, yar\u0131\u015fmalar, paneller, tan\u0131t\u0131m etkinlikleri ve al\u0131\u015fveri\u015f faaliyetleri yer al\u0131yor.<\/p>\n<p>Ekonomi ve D\u0131\u015f Ticaret Bakan\u0131 Muhammed Samir Halil; Suriye&#8217;de \u00f6zel ve kamu sekt\u00f6rlerinin yan\u0131 s\u0131ra b\u00f6lge ve uluslar aras\u0131 d\u00fczeyde b\u00fcy\u00fck bir ilgiyle beklenen fuar\u0131n bug\u00fcn ak\u015fam saatlerinde resmi olarak a\u00e7\u0131laca\u011f\u0131n\u0131 ifade ederken, fuar\u0131n yar\u0131n da ziyaret\u00e7ilere a\u00e7\u0131laca\u011f\u0131n\u0131 belirtti.<\/p>\n<p>Bakan Halil; Suriye&#8217;de ekonomi, sanayi ve \u00fcretimin canland\u0131\u011f\u0131n\u0131 kan\u0131tlayan fuar\u0131n k\u00fclt\u00fcrel, sosyal ve ekonomik faaliyetleri a\u00e7\u0131dan zengin bir programa sahip oldu\u011funa dikkat \u00e7ekti.<\/p>\n<p><iframe loading=\"lazy\" title=\"\u0643\u0648\u0646\u0648\u0627 \u0639\u0644\u0649 \u0627\u0644\u0645\u0648\u0639\u062f\u2026 \u0645\u0646 17 \u0644\u063a\u0627\u064a\u0629 26 \u0622\u0628 2017\" width=\"618\" height=\"348\" src=\"https:\/\/www.youtube.com\/embed\/xJhlZj9uO34?feature=oembed\" frameborder=\"0\" allow=\"accelerometer; autoplay; clipboard-write; encrypted-media; gyroscope; picture-in-picture; web-share\" referrerpolicy=\"strict-origin-when-cross-origin\" allowfullscreen><\/iframe><\/p>\n","protected":false},"excerpt":{"rendered":"<p>\u015eAM \u2013 En b\u00fcy\u00fck ekonomik, sosyal ve k\u00fclt\u00fcrel faaliyet say\u0131lan 59. Uluslararas\u0131 \u015eam Fuar\u0131; Suriye ve halk\u0131na dayat\u0131lan sava\u015f nedeniyle be\u015f y\u0131l s\u00fcren kesintiden sonra bug\u00fcn ak\u015fam saatlerinde Cumhurba\u015fkan\u0131 Be\u015f\u015far el Esad\u2019\u0131n g\u00f6zetimi at\u0131nda \u015eam k\u0131rsal\u0131 Uluslararas\u0131 Havaalan\u0131 yolu \u00fczerindeki Fuarlar Kentinde faaliyetlerine ba\u015fl\u0131yor. 23\u2019\u00fc resmi olarak b\u00fcy\u00fckel\u00e7ilikleri arac\u0131l\u0131\u011f\u0131 ile, 20\u2019si de \u015firketleri arac\u0131l\u0131\u011f\u0131 ile &hellip;<\/p>\n","protected":false},"author":1,"featured_media":122133,"comment_status":"closed","ping_status":"closed","sticky":false,"template":"","format":"standard","meta":{"footnotes":""},"categories":[485,486,479,17988,478],"tags":[29694,16591,31996,30981,13043,21184,24182,18834,22181,31775],"class_list":["post-122131","post","type-post","status-publish","format-standard","has-post-thumbnail","","category-is-ve-sermaye","category-haberler-is-ve-sermaye","category-haberler-yerel","category-son-haberler","category-yerel","tag-sam-fuari","tag-suriye","tag-suriye-fuari","tag-suriye-fuarlari","tag-suriye-halki","tag-suriyede-yatirim","tag-suriyede-ekonomi","tag-suriyeli-sirketler","tag-suriyeliler","tag-uluslararasi-fuarlar"],"_links":{"self":[{"href":"https:\/\/archive.sana.sy\/tr\/index.php?rest_route=\/wp\/v2\/posts\/122131","targetHints":{"allow":["GET"]}}],"collection":[{"href":"https:\/\/archive.sana.sy\/tr\/index.php?rest_route=\/wp\/v2\/posts"}],"about":[{"href":"https:\/\/archive.sana.sy\/tr\/index.php?rest_route=\/wp\/v2\/types\/post"}],"author":[{"embeddable":true,"href":"https:\/\/archive.sana.sy\/tr\/index.php?rest_route=\/wp\/v2\/users\/1"}],"replies":[{"embeddable":true,"href":"https:\/\/archive.sana.sy\/tr\/index.php?rest_route=%2Fwp%2Fv2%2Fcomments&post=122131"}],"version-history":[{"count":0,"href":"https:\/\/archive.sana.sy\/tr\/index.php?rest_route=\/wp\/v2\/posts\/122131\/revisions"}],"wp:featuredmedia":[{"embeddable":true,"href":"https:\/\/archive.sana.sy\/tr\/index.php?rest_route=\/wp\/v2\/media\/122133"}],"wp:attachment":[{"href":"https:\/\/archive.sana.sy\/tr\/index.php?rest_route=%2Fwp%2Fv2%2Fmedia&parent=122131"}],"wp:term":[{"taxonomy":"category","embeddable":true,"href":"https:\/\/archive.sana.sy\/tr\/index.php?rest_route=%2Fwp%2Fv2%2Fcategories&post=122131"},{"taxonomy":"post_tag","embeddable":true,"href":"https:\/\/archive.sana.sy\/tr\/index.php?rest_route=%2Fwp%2Fv2%2Ftags&post=122131"}],"curies":[{"name":"wp","href":"https:\/\/api.w.org\/{rel}","templated":true}]}}