{"id":122132,"date":"2017-08-17T13:15:30","date_gmt":"2017-08-17T10:15:30","guid":{"rendered":"http:\/\/www.sana.sy\/tr\/?p=122132"},"modified":"2017-08-18T14:04:29","modified_gmt":"2017-08-18T11:04:29","slug":"universite-ve-yuksek-lisans-ogrencilerine-yeni-bir-firsat","status":"publish","type":"post","link":"https:\/\/archive.sana.sy\/tr\/?p=122132","title":{"rendered":"\u00dcniversite ve Y\u00fcksek Lisans \u00d6\u011frencilerine Yeni Bir F\u0131rsat"},"content":{"rendered":"<p>\u015eAM \u2013 Cumhurba\u015fkan\u0131 Be\u015f\u015far el Esad bug\u00fcn \u00fcniversite \u00f6\u011frencileri yada uzmanl\u0131k yapanlara yeni bir f\u0131rsat temin eden 2017\/253 say\u0131l\u0131 kararnameyi onaylad\u0131.<\/p>\n<p>Kararname gere\u011fince 2016-2017 \u00f6\u011fretim y\u0131l\u0131ndan herhangi bir dersten kalan ya da y\u0131l kayb\u0131ndan dolay\u0131 \u00fcniversiteden at\u0131lma s\u00fcrecine gelen veya daha \u00f6nce at\u0131lan \u00f6\u011frencilere yeni bir s\u0131nav hakk\u0131 sa\u011flan\u0131yor. Ayn\u0131 zamanda y\u00fcksek lisans ya da uzmanl\u0131k yapanlara da uzmanl\u0131klar\u0131n\u0131 s\u00fcrd\u00fcrmeleri i\u00e7in bir y\u0131l daha verilmesini \u00f6ng\u00f6r\u00fcyor.<\/p>\n","protected":false},"excerpt":{"rendered":"<p>\u015eAM \u2013 Cumhurba\u015fkan\u0131 Be\u015f\u015far el Esad bug\u00fcn \u00fcniversite \u00f6\u011frencileri yada uzmanl\u0131k yapanlara yeni bir f\u0131rsat temin eden 2017\/253 say\u0131l\u0131 kararnameyi onaylad\u0131. Kararname gere\u011fince 2016-2017 \u00f6\u011fretim y\u0131l\u0131ndan herhangi bir dersten kalan ya da y\u0131l kayb\u0131ndan dolay\u0131 \u00fcniversiteden at\u0131lma s\u00fcrecine gelen veya daha \u00f6nce at\u0131lan \u00f6\u011frencilere yeni bir s\u0131nav hakk\u0131 sa\u011flan\u0131yor. Ayn\u0131 zamanda y\u00fcksek lisans ya da &hellip;<\/p>\n","protected":false},"author":1,"featured_media":122137,"comment_status":"closed","ping_status":"closed","sticky":false,"template":"","format":"standard","meta":{"footnotes":""},"categories":[479,605,17988,612,599,478],"tags":[17256,31998,31997,16591,24083,24119,27522,22181,24835,19123],"class_list":["post-122132","post","type-post","status-publish","format-standard","has-post-thumbnail","","category-haberler-yerel","category-sayin-cumhurbaskani","category-son-haberler","category-yasama-kararnameler","category-yasama-ve-kanunlar","category-yerel","tag-bessar-el-esad","tag-ek-firsat","tag-ek-sinav-hakki","tag-suriye","tag-suriye-baskani","tag-suriye-lideri","tag-suriye-universiteleri","tag-suriyeliler","tag-universite-ogrencileri","tag-universite-sinavlari"],"_links":{"self":[{"href":"https:\/\/archive.sana.sy\/tr\/index.php?rest_route=\/wp\/v2\/posts\/122132","targetHints":{"allow":["GET"]}}],"collection":[{"href":"https:\/\/archive.sana.sy\/tr\/index.php?rest_route=\/wp\/v2\/posts"}],"about":[{"href":"https:\/\/archive.sana.sy\/tr\/index.php?rest_route=\/wp\/v2\/types\/post"}],"author":[{"embeddable":true,"href":"https:\/\/archive.sana.sy\/tr\/index.php?rest_route=\/wp\/v2\/users\/1"}],"replies":[{"embeddable":true,"href":"https:\/\/archive.sana.sy\/tr\/index.php?rest_route=%2Fwp%2Fv2%2Fcomments&post=122132"}],"version-history":[{"count":0,"href":"https:\/\/archive.sana.sy\/tr\/index.php?rest_route=\/wp\/v2\/posts\/122132\/revisions"}],"wp:featuredmedia":[{"embeddable":true,"href":"https:\/\/archive.sana.sy\/tr\/index.php?rest_route=\/wp\/v2\/media\/122137"}],"wp:attachment":[{"href":"https:\/\/archive.sana.sy\/tr\/index.php?rest_route=%2Fwp%2Fv2%2Fmedia&parent=122132"}],"wp:term":[{"taxonomy":"category","embeddable":true,"href":"https:\/\/archive.sana.sy\/tr\/index.php?rest_route=%2Fwp%2Fv2%2Fcategories&post=122132"},{"taxonomy":"post_tag","embeddable":true,"href":"https:\/\/archive.sana.sy\/tr\/index.php?rest_route=%2Fwp%2Fv2%2Ftags&post=122132"}],"curies":[{"name":"wp","href":"https:\/\/api.w.org\/{rel}","templated":true}]}}