{"id":122150,"date":"2017-08-17T15:15:43","date_gmt":"2017-08-17T12:15:43","guid":{"rendered":"http:\/\/www.sana.sy\/tr\/?p=122150"},"modified":"2017-08-18T14:04:23","modified_gmt":"2017-08-18T11:04:23","slug":"misirin-iliskileri-pekistirme-arzu-ve-ozenini-yansitiyor","status":"publish","type":"post","link":"https:\/\/archive.sana.sy\/tr\/?p=122150","title":{"rendered":"M\u0131s\u0131r\u2019\u0131n \u0130li\u015fkileri Peki\u015ftirme Arzu ve \u00d6zenini Yans\u0131t\u0131yor (video)"},"content":{"rendered":"<p>\u015eAM \u2013 Ba\u015fbakan Yard\u0131mc\u0131s\u0131 D\u0131\u015fi\u015fleri ve Gurbet\u00e7iler Bakan\u0131 Velid Muallim; 59. Uluslararas\u0131 \u015eam Fuar\u0131na kat\u0131lan M\u0131s\u0131r Ticaret Odalar\u0131 Federasyonu heyetini federasyon ba\u015fkan\u0131 Ahmet el Vekil ba\u015fkanl\u0131\u011f\u0131nda kabul etti.<\/p>\n<p>G\u00f6r\u00fc\u015fmede iki \u00fclke aras\u0131nda derin tarihi k\u00f6klere dayal\u0131 ili\u015fkilere dikkat \u00e7eken Muallim; bu ili\u015fkileri muhtelif alanlarda geli\u015ftirme ve peki\u015ftirme \u00f6nemini belirtti.<\/p>\n<p>Muallim Suriye devletinin Uluslararas\u0131 \u015eam Fuar\u0131n\u0131 be\u015f y\u0131l kesintiden sonra yeniden d\u00fczenleme karar\u0131n\u0131n, devletin g\u00fcc\u00fcn\u00fcn yan\u0131 s\u0131ra Suriye&#8217;nin iyile\u015fti\u011fini, ekonomi, sanayi ve \u00fcretim \u00e7ark\u0131n\u0131n yeniden d\u00f6nmeye ba\u015flad\u0131\u011f\u0131n\u0131n bir kan\u0131t\u0131 oldu\u011funa dikkat \u00e7ekti.<\/p>\n<p>M\u0131s\u0131r\u2019\u0131n fuara kat\u0131l\u0131m hacminin, Suriye ile ili\u015fkilerin peki\u015ftirilmesi \u00f6zen ve arzusunu yans\u0131tt\u0131\u011f\u0131na i\u015faret eden Muallim; iki karde\u015f \u00fclke ve halklar\u0131 \u00e7\u0131karlar\u0131 do\u011frultusunda ili\u015fkilerin peki\u015ftirilmesi i\u00e7in kar\u015f\u0131l\u0131kl\u0131 ziyaretlerin yo\u011funla\u015ft\u0131r\u0131lmas\u0131 \u00f6nemini kaydetti.<\/p>\n<p>Muallim Suriye&#8217;de son geli\u015fmeler ve ordu birliklerimizin ter\u00f6re kar\u015f\u0131 ba\u015far\u0131lar\u0131 konusunda konuk heyete sunum takdim ederken, Suriye ve M\u0131s\u0131r\u2019\u0131n ayn\u0131 d\u0131\u015f g\u00fc\u00e7ler taraf\u0131ndan desteklenen ve radikal ter\u00f6rle temsil olan ortak bir d\u00fc\u015fmanla kar\u015f\u0131 kar\u015f\u0131ya olduklar\u0131na dikkat \u00e7ekti.<\/p>\n<p>Konuk heyet ba\u015fkan\u0131 ve heyet \u00fcyeleri ise Suriye ziyaretinden olduk\u00e7a b\u00fcy\u00fck bir onur ve memnuniyet duyduklar\u0131n\u0131 ifade ederken, iki \u00fclke aras\u0131ndaki ili\u015fkileri yo\u011funla\u015ft\u0131rma ve peki\u015ftirme ama\u00e7lar\u0131n\u0131 kaydettiler. Konuk heyet; Suriye ordusu ve onunla omuz omuza veren Suriye halk\u0131n\u0131n vatanlar\u0131n\u0131 duyarl\u0131 ve onurlu bir \u015fekilde savunmak i\u00e7in verdikleri m\u00fccadeleyi \u00f6vd\u00fc.<\/p>\n<p>https:\/\/www.youtube.com\/watch?v=QKWVFKryUzE<\/p>\n","protected":false},"excerpt":{"rendered":"<p>\u015eAM \u2013 Ba\u015fbakan Yard\u0131mc\u0131s\u0131 D\u0131\u015fi\u015fleri ve Gurbet\u00e7iler Bakan\u0131 Velid Muallim; 59. Uluslararas\u0131 \u015eam Fuar\u0131na kat\u0131lan M\u0131s\u0131r Ticaret Odalar\u0131 Federasyonu heyetini federasyon ba\u015fkan\u0131 Ahmet el Vekil ba\u015fkanl\u0131\u011f\u0131nda kabul etti. G\u00f6r\u00fc\u015fmede iki \u00fclke aras\u0131nda derin tarihi k\u00f6klere dayal\u0131 ili\u015fkilere dikkat \u00e7eken Muallim; bu ili\u015fkileri muhtelif alanlarda geli\u015ftirme ve peki\u015ftirme \u00f6nemini belirtti. Muallim Suriye devletinin Uluslararas\u0131 \u015eam Fuar\u0131n\u0131 &hellip;<\/p>\n","protected":false},"author":1,"featured_media":122152,"comment_status":"closed","ping_status":"closed","sticky":false,"template":"","format":"standard","meta":{"footnotes":""},"categories":[479,17988,478],"tags":[19199,32005,1302,32003,29694,16591,25091,32004,17051],"class_list":["post-122150","post","type-post","status-publish","format-standard","has-post-thumbnail","","category-haberler-yerel","category-son-haberler","category-yerel","tag-disisleri-bakani","tag-fuara-katilim","tag-misir","tag-misir-ticaret-odalari-federasyonu","tag-sam-fuari","tag-suriye","tag-suriye-ve-misir","tag-ticaret-odalari-federasyonu","tag-velid-muallim"],"_links":{"self":[{"href":"https:\/\/archive.sana.sy\/tr\/index.php?rest_route=\/wp\/v2\/posts\/122150","targetHints":{"allow":["GET"]}}],"collection":[{"href":"https:\/\/archive.sana.sy\/tr\/index.php?rest_route=\/wp\/v2\/posts"}],"about":[{"href":"https:\/\/archive.sana.sy\/tr\/index.php?rest_route=\/wp\/v2\/types\/post"}],"author":[{"embeddable":true,"href":"https:\/\/archive.sana.sy\/tr\/index.php?rest_route=\/wp\/v2\/users\/1"}],"replies":[{"embeddable":true,"href":"https:\/\/archive.sana.sy\/tr\/index.php?rest_route=%2Fwp%2Fv2%2Fcomments&post=122150"}],"version-history":[{"count":0,"href":"https:\/\/archive.sana.sy\/tr\/index.php?rest_route=\/wp\/v2\/posts\/122150\/revisions"}],"wp:featuredmedia":[{"embeddable":true,"href":"https:\/\/archive.sana.sy\/tr\/index.php?rest_route=\/wp\/v2\/media\/122152"}],"wp:attachment":[{"href":"https:\/\/archive.sana.sy\/tr\/index.php?rest_route=%2Fwp%2Fv2%2Fmedia&parent=122150"}],"wp:term":[{"taxonomy":"category","embeddable":true,"href":"https:\/\/archive.sana.sy\/tr\/index.php?rest_route=%2Fwp%2Fv2%2Fcategories&post=122150"},{"taxonomy":"post_tag","embeddable":true,"href":"https:\/\/archive.sana.sy\/tr\/index.php?rest_route=%2Fwp%2Fv2%2Ftags&post=122150"}],"curies":[{"name":"wp","href":"https:\/\/api.w.org\/{rel}","templated":true}]}}