{"id":122162,"date":"2017-08-17T11:11:44","date_gmt":"2017-08-17T08:11:44","guid":{"rendered":"http:\/\/www.sana.sy\/tr\/?p=122162"},"modified":"2017-08-18T14:05:31","modified_gmt":"2017-08-18T11:05:31","slug":"onumuzdeki-ay-nitelikli-donusumler-olacak","status":"publish","type":"post","link":"https:\/\/archive.sana.sy\/tr\/?p=122162","title":{"rendered":"\u00d6n\u00fcm\u00fczdeki Ay Nitelikli D\u00f6n\u00fc\u015f\u00fcmler Olacak"},"content":{"rendered":"<p>CENEVRE \u2013 Birle\u015fmi\u015f Milletler Suriye \u00f6zel temsilcisi Staffan de Mistura; Suriye krizinin \u00e7\u00f6z\u00fcm\u00fcnde \u00f6n\u00fcm\u00fczdeki ay\u0131n ba\u015flar\u0131ndan itibaren nitelikli d\u00f6n\u00fc\u015f\u00fcmlere tan\u0131k olunaca\u011f\u0131n\u0131 s\u00f6yledi.<\/p>\n<p>Cenevre&#8217;de bug\u00fcn bas\u0131n toplant\u0131s\u0131 d\u00fczenleyen de Mistura; Suriye konulu Astana g\u00f6r\u00fc\u015fmelerinin yeni turunun Eyl\u00fcl ay\u0131n\u0131n ba\u015flar\u0131nda olabilece\u011fine kaydetti. De Mistura ard\u0131ndan da Cenevre g\u00f6r\u00fc\u015fmelerinin yap\u0131laca\u011f\u0131n\u0131 a\u00e7\u0131klad\u0131.<\/p>\n","protected":false},"excerpt":{"rendered":"<p>CENEVRE \u2013 Birle\u015fmi\u015f Milletler Suriye \u00f6zel temsilcisi Staffan de Mistura; Suriye krizinin \u00e7\u00f6z\u00fcm\u00fcnde \u00f6n\u00fcm\u00fczdeki ay\u0131n ba\u015flar\u0131ndan itibaren nitelikli d\u00f6n\u00fc\u015f\u00fcmlere tan\u0131k olunaca\u011f\u0131n\u0131 s\u00f6yledi. Cenevre&#8217;de bug\u00fcn bas\u0131n toplant\u0131s\u0131 d\u00fczenleyen de Mistura; Suriye konulu Astana g\u00f6r\u00fc\u015fmelerinin yeni turunun Eyl\u00fcl ay\u0131n\u0131n ba\u015flar\u0131nda olabilece\u011fine kaydetti. De Mistura ard\u0131ndan da Cenevre g\u00f6r\u00fc\u015fmelerinin yap\u0131laca\u011f\u0131n\u0131 a\u00e7\u0131klad\u0131.<\/p>\n","protected":false},"author":1,"featured_media":122167,"comment_status":"closed","ping_status":"closed","sticky":false,"template":"","format":"standard","meta":{"footnotes":""},"categories":[458,459,17988],"tags":[2618,18868,18472,18574,32014],"class_list":["post-122162","post","type-post","status-publish","format-standard","has-post-thumbnail","","category-dunya1","category-haberler-arap-uluslararasi-politika","category-son-haberler","tag-bm-suriye-temsilcisi","tag-de-mistura","tag-staffan-de-mistura","tag-suriye-krizi","tag-suriye-krizinin-cozumu"],"_links":{"self":[{"href":"https:\/\/archive.sana.sy\/tr\/index.php?rest_route=\/wp\/v2\/posts\/122162","targetHints":{"allow":["GET"]}}],"collection":[{"href":"https:\/\/archive.sana.sy\/tr\/index.php?rest_route=\/wp\/v2\/posts"}],"about":[{"href":"https:\/\/archive.sana.sy\/tr\/index.php?rest_route=\/wp\/v2\/types\/post"}],"author":[{"embeddable":true,"href":"https:\/\/archive.sana.sy\/tr\/index.php?rest_route=\/wp\/v2\/users\/1"}],"replies":[{"embeddable":true,"href":"https:\/\/archive.sana.sy\/tr\/index.php?rest_route=%2Fwp%2Fv2%2Fcomments&post=122162"}],"version-history":[{"count":0,"href":"https:\/\/archive.sana.sy\/tr\/index.php?rest_route=\/wp\/v2\/posts\/122162\/revisions"}],"wp:featuredmedia":[{"embeddable":true,"href":"https:\/\/archive.sana.sy\/tr\/index.php?rest_route=\/wp\/v2\/media\/122167"}],"wp:attachment":[{"href":"https:\/\/archive.sana.sy\/tr\/index.php?rest_route=%2Fwp%2Fv2%2Fmedia&parent=122162"}],"wp:term":[{"taxonomy":"category","embeddable":true,"href":"https:\/\/archive.sana.sy\/tr\/index.php?rest_route=%2Fwp%2Fv2%2Fcategories&post=122162"},{"taxonomy":"post_tag","embeddable":true,"href":"https:\/\/archive.sana.sy\/tr\/index.php?rest_route=%2Fwp%2Fv2%2Ftags&post=122162"}],"curies":[{"name":"wp","href":"https:\/\/api.w.org\/{rel}","templated":true}]}}