{"id":122198,"date":"2017-08-17T20:48:54","date_gmt":"2017-08-17T17:48:54","guid":{"rendered":"http:\/\/www.sana.sy\/tr\/?p=122198"},"modified":"2017-08-17T20:48:54","modified_gmt":"2017-08-17T17:48:54","slug":"basbakan-imad-hamis-bu-aksam-cumhurbaskani-bessar-el-esadi-temsilen-sa-kirsalinda-yer-alan-fuarlar-kentinde-43-devletin-katilimiyla-baslayan-59-uluslararasi-sam-fuarinin-faaliyetlerini-basl","status":"publish","type":"post","link":"https:\/\/archive.sana.sy\/tr\/?p=122198","title":{"rendered":"Ba\u015fbakan \u0130mad Hamis bu ak\u015fam; Cumhurba\u015fkan\u0131 Be\u015f\u015far el Esad\u2019\u0131 temsilen \u015ea k\u0131rsal\u0131nda yer alan Fuarlar Kentinde 43 devletin kat\u0131l\u0131m\u0131yla ba\u015flayan 59. Uluslararas\u0131 \u015eam Fuar\u0131n\u0131n faaliyetlerini ba\u015flatt\u0131\u200f"},"content":{"rendered":"<p>Ba\u015fbakan \u0130mad Hamis bu ak\u015fam; Cumhurba\u015fkan\u0131 Be\u015f\u015far el Esad\u2019\u0131 temsilen \u015ea k\u0131rsal\u0131nda yer alan Fuarlar Kentinde 43 devletin kat\u0131l\u0131m\u0131yla ba\u015flayan 59. Uluslararas\u0131 \u015eam Fuar\u0131n\u0131n faaliyetlerini ba\u015flatt\u0131\u200f<\/p>\n<p>&nbsp;<\/p>\n","protected":false},"excerpt":{"rendered":"<p>Ba\u015fbakan \u0130mad Hamis bu ak\u015fam; Cumhurba\u015fkan\u0131 Be\u015f\u015far el Esad\u2019\u0131 temsilen \u015ea k\u0131rsal\u0131nda yer alan Fuarlar Kentinde 43 devletin kat\u0131l\u0131m\u0131yla ba\u015flayan 59. Uluslararas\u0131 \u015eam Fuar\u0131n\u0131n faaliyetlerini ba\u015flatt\u0131\u200f &nbsp;<\/p>\n","protected":false},"author":1,"featured_media":0,"comment_status":"closed","ping_status":"closed","sticky":false,"template":"","format":"standard","meta":{"footnotes":""},"categories":[17991],"tags":[],"class_list":["post-122198","post","type-post","status-publish","format-standard","","category-son-dakika"],"_links":{"self":[{"href":"https:\/\/archive.sana.sy\/tr\/index.php?rest_route=\/wp\/v2\/posts\/122198","targetHints":{"allow":["GET"]}}],"collection":[{"href":"https:\/\/archive.sana.sy\/tr\/index.php?rest_route=\/wp\/v2\/posts"}],"about":[{"href":"https:\/\/archive.sana.sy\/tr\/index.php?rest_route=\/wp\/v2\/types\/post"}],"author":[{"embeddable":true,"href":"https:\/\/archive.sana.sy\/tr\/index.php?rest_route=\/wp\/v2\/users\/1"}],"replies":[{"embeddable":true,"href":"https:\/\/archive.sana.sy\/tr\/index.php?rest_route=%2Fwp%2Fv2%2Fcomments&post=122198"}],"version-history":[{"count":0,"href":"https:\/\/archive.sana.sy\/tr\/index.php?rest_route=\/wp\/v2\/posts\/122198\/revisions"}],"wp:attachment":[{"href":"https:\/\/archive.sana.sy\/tr\/index.php?rest_route=%2Fwp%2Fv2%2Fmedia&parent=122198"}],"wp:term":[{"taxonomy":"category","embeddable":true,"href":"https:\/\/archive.sana.sy\/tr\/index.php?rest_route=%2Fwp%2Fv2%2Fcategories&post=122198"},{"taxonomy":"post_tag","embeddable":true,"href":"https:\/\/archive.sana.sy\/tr\/index.php?rest_route=%2Fwp%2Fv2%2Ftags&post=122198"}],"curies":[{"name":"wp","href":"https:\/\/api.w.org\/{rel}","templated":true}]}}