{"id":122204,"date":"2017-08-17T20:53:23","date_gmt":"2017-08-17T17:53:23","guid":{"rendered":"http:\/\/www.sana.sy\/tr\/?p=122204"},"modified":"2017-08-17T20:53:23","modified_gmt":"2017-08-17T17:53:23","slug":"17-26-agustos-tarihleri-arasinda-cumhurbaskani-el-esadin-gozetimi-altinda-duzenlenen-fuarin-acilisinda-yaptigi-konusmada-suriye-arap-cumhuriyetinin-konuklarini-ve-tum-fuar-katilimcilarini-el","status":"publish","type":"post","link":"https:\/\/archive.sana.sy\/tr\/?p=122204","title":{"rendered":"17-26 A\u011fustos tarihleri aras\u0131nda Cumhurba\u015fkan\u0131 el Esad\u2019\u0131n g\u00f6zetimi alt\u0131nda d\u00fczenlenen fuar\u0131n a\u00e7\u0131l\u0131\u015f\u0131nda yapt\u0131\u011f\u0131 konu\u015fmada; Suriye Arap Cumhuriyetinin konuklar\u0131n\u0131 ve t\u00fcm fuar kat\u0131l\u0131mc\u0131lar\u0131n\u0131 el Esad ad\u0131na selamlad\u0131. \u200f"},"content":{"rendered":"<p>17-26 A\u011fustos tarihleri aras\u0131nda Cumhurba\u015fkan\u0131 el Esad\u2019\u0131n g\u00f6zetimi alt\u0131nda d\u00fczenlenen fuar\u0131n a\u00e7\u0131l\u0131\u015f\u0131nda yapt\u0131\u011f\u0131 konu\u015fmada; Suriye Arap Cumhuriyetinin konuklar\u0131n\u0131 ve t\u00fcm fuar kat\u0131l\u0131mc\u0131lar\u0131n\u0131 el Esad ad\u0131na selamlad\u0131. \u200f<\/p>\n<p>&nbsp;<\/p>\n","protected":false},"excerpt":{"rendered":"<p>17-26 A\u011fustos tarihleri aras\u0131nda Cumhurba\u015fkan\u0131 el Esad\u2019\u0131n g\u00f6zetimi alt\u0131nda d\u00fczenlenen fuar\u0131n a\u00e7\u0131l\u0131\u015f\u0131nda yapt\u0131\u011f\u0131 konu\u015fmada; Suriye Arap Cumhuriyetinin konuklar\u0131n\u0131 ve t\u00fcm fuar kat\u0131l\u0131mc\u0131lar\u0131n\u0131 el Esad ad\u0131na selamlad\u0131. \u200f &nbsp;<\/p>\n","protected":false},"author":1,"featured_media":0,"comment_status":"closed","ping_status":"closed","sticky":false,"template":"","format":"standard","meta":{"footnotes":""},"categories":[17991],"tags":[],"class_list":["post-122204","post","type-post","status-publish","format-standard","","category-son-dakika"],"_links":{"self":[{"href":"https:\/\/archive.sana.sy\/tr\/index.php?rest_route=\/wp\/v2\/posts\/122204","targetHints":{"allow":["GET"]}}],"collection":[{"href":"https:\/\/archive.sana.sy\/tr\/index.php?rest_route=\/wp\/v2\/posts"}],"about":[{"href":"https:\/\/archive.sana.sy\/tr\/index.php?rest_route=\/wp\/v2\/types\/post"}],"author":[{"embeddable":true,"href":"https:\/\/archive.sana.sy\/tr\/index.php?rest_route=\/wp\/v2\/users\/1"}],"replies":[{"embeddable":true,"href":"https:\/\/archive.sana.sy\/tr\/index.php?rest_route=%2Fwp%2Fv2%2Fcomments&post=122204"}],"version-history":[{"count":0,"href":"https:\/\/archive.sana.sy\/tr\/index.php?rest_route=\/wp\/v2\/posts\/122204\/revisions"}],"wp:attachment":[{"href":"https:\/\/archive.sana.sy\/tr\/index.php?rest_route=%2Fwp%2Fv2%2Fmedia&parent=122204"}],"wp:term":[{"taxonomy":"category","embeddable":true,"href":"https:\/\/archive.sana.sy\/tr\/index.php?rest_route=%2Fwp%2Fv2%2Fcategories&post=122204"},{"taxonomy":"post_tag","embeddable":true,"href":"https:\/\/archive.sana.sy\/tr\/index.php?rest_route=%2Fwp%2Fv2%2Ftags&post=122204"}],"curies":[{"name":"wp","href":"https:\/\/api.w.org\/{rel}","templated":true}]}}