{"id":122217,"date":"2017-08-17T21:09:21","date_gmt":"2017-08-17T18:09:21","guid":{"rendered":"http:\/\/www.sana.sy\/tr\/?p=122217"},"modified":"2017-08-17T21:09:21","modified_gmt":"2017-08-17T18:09:21","slug":"bu-mesajda-suriye-ve-suriyelilerin-suriyede-yasam-iradesinin-her-daim-oldugu-gibi-terorden-daha-azimli-ve-guclu-kalacaginin-altini-cizdiklerini-belirten-hamis-fuarin-yasamin-olume-karsi-hakkin-ba","status":"publish","type":"post","link":"https:\/\/archive.sana.sy\/tr\/?p=122217","title":{"rendered":"Bu mesajda Suriye ve Suriyelilerin; Suriye&#8217;de ya\u015fam iradesinin her daim oldu\u011fu gibi ter\u00f6rden daha azimli ve g\u00fc\u00e7l\u00fc kalaca\u011f\u0131n\u0131n alt\u0131n\u0131 \u00e7izdiklerini belirten Hamis; fuar\u0131n ya\u015fam\u0131n \u00f6l\u00fcme kar\u015f\u0131, hakk\u0131n bat\u0131la kar\u015f\u0131, \u015feref ve onurun ihanete kar\u015f\u0131, egemenli\u011fin tabili\u011fe kar\u015f\u0131 zafer sancaklar\u0131n\u0131 dalgaland\u0131rd\u0131\u011f\u0131n\u0131 vurgulad\u0131\u200f"},"content":{"rendered":"<p>Bu mesajda Suriye ve Suriyelilerin; Suriye&#8217;de ya\u015fam iradesinin her daim oldu\u011fu gibi ter\u00f6rden daha azimli ve g\u00fc\u00e7l\u00fc kalaca\u011f\u0131n\u0131n alt\u0131n\u0131 \u00e7izdiklerini belirten Hamis; fuar\u0131n ya\u015fam\u0131n \u00f6l\u00fcme kar\u015f\u0131, hakk\u0131n bat\u0131la kar\u015f\u0131, \u015feref ve onurun ihanete kar\u015f\u0131, egemenli\u011fin tabili\u011fe kar\u015f\u0131 zafer sancaklar\u0131n\u0131 dalgaland\u0131rd\u0131\u011f\u0131n\u0131 vurgulad\u0131\u200f<\/p>\n<p>&nbsp;<\/p>\n","protected":false},"excerpt":{"rendered":"<p>Bu mesajda Suriye ve Suriyelilerin; Suriye&#8217;de ya\u015fam iradesinin her daim oldu\u011fu gibi ter\u00f6rden daha azimli ve g\u00fc\u00e7l\u00fc kalaca\u011f\u0131n\u0131n alt\u0131n\u0131 \u00e7izdiklerini belirten Hamis; fuar\u0131n ya\u015fam\u0131n \u00f6l\u00fcme kar\u015f\u0131, hakk\u0131n bat\u0131la kar\u015f\u0131, \u015feref ve onurun ihanete kar\u015f\u0131, egemenli\u011fin tabili\u011fe kar\u015f\u0131 zafer sancaklar\u0131n\u0131 dalgaland\u0131rd\u0131\u011f\u0131n\u0131 vurgulad\u0131\u200f &nbsp;<\/p>\n","protected":false},"author":1,"featured_media":0,"comment_status":"closed","ping_status":"closed","sticky":false,"template":"","format":"standard","meta":{"footnotes":""},"categories":[17991],"tags":[],"class_list":["post-122217","post","type-post","status-publish","format-standard","","category-son-dakika"],"_links":{"self":[{"href":"https:\/\/archive.sana.sy\/tr\/index.php?rest_route=\/wp\/v2\/posts\/122217","targetHints":{"allow":["GET"]}}],"collection":[{"href":"https:\/\/archive.sana.sy\/tr\/index.php?rest_route=\/wp\/v2\/posts"}],"about":[{"href":"https:\/\/archive.sana.sy\/tr\/index.php?rest_route=\/wp\/v2\/types\/post"}],"author":[{"embeddable":true,"href":"https:\/\/archive.sana.sy\/tr\/index.php?rest_route=\/wp\/v2\/users\/1"}],"replies":[{"embeddable":true,"href":"https:\/\/archive.sana.sy\/tr\/index.php?rest_route=%2Fwp%2Fv2%2Fcomments&post=122217"}],"version-history":[{"count":0,"href":"https:\/\/archive.sana.sy\/tr\/index.php?rest_route=\/wp\/v2\/posts\/122217\/revisions"}],"wp:attachment":[{"href":"https:\/\/archive.sana.sy\/tr\/index.php?rest_route=%2Fwp%2Fv2%2Fmedia&parent=122217"}],"wp:term":[{"taxonomy":"category","embeddable":true,"href":"https:\/\/archive.sana.sy\/tr\/index.php?rest_route=%2Fwp%2Fv2%2Fcategories&post=122217"},{"taxonomy":"post_tag","embeddable":true,"href":"https:\/\/archive.sana.sy\/tr\/index.php?rest_route=%2Fwp%2Fv2%2Ftags&post=122217"}],"curies":[{"name":"wp","href":"https:\/\/api.w.org\/{rel}","templated":true}]}}